{"id":27190,"date":"2024-09-16T00:00:00","date_gmt":"2024-09-16T00:00:00","guid":{"rendered":"https:\/\/www.pro4green.be\/nos-entrepreneurs-de-jardins-wallons-recompenses-un-classement-qui-met-a-lhonneur-tous-les-coins-de-wallonie\/"},"modified":"2024-09-16T00:00:00","modified_gmt":"2024-09-16T00:00:00","slug":"nos-entrepreneurs-de-jardins-wallons-recompenses-un-classement-qui-met-a-lhonneur-tous-les-coins-de-wallonie","status":"publish","type":"post","link":"https:\/\/www.pro4green.be\/fr\/nos-entrepreneurs-de-jardins-wallons-recompenses-un-classement-qui-met-a-lhonneur-tous-les-coins-de-wallonie\/","title":{"rendered":"Nos entrepreneurs de jardins wallons r\u00e9compens\u00e9s: un classement qui met \u00e0 l\u2019honneur tous les coins de Wallonie!"},"content":{"rendered":"<p>Le Concours de l\u2019Entrepreneur de Jardins de Wallonie permet aux jardiniers professionnels de valoriser leur m\u00e9tier et de montrer leur savoir-faire \u00e0 travers des r\u00e9alisations exceptionnelles. En 2024, les r\u00e8gles ont \u00e9t\u00e9 harmonis\u00e9es avec celles de la r\u00e9gion flamande, distinguant trois cat\u00e9gories : petits jardins (moins de 350 m\u00b2), jardins moyens (350 \u00e0 1000 m\u00b2) et grands jardins (plus de 1 000 m\u00b2). Des m\u00e9dailles d\u2019or, d\u2019argent et de bronze ont \u00e9t\u00e9 attribu\u00e9es dans chaque cat\u00e9gorie, ainsi qu\u2019un prix Jeune Talent pour les candidats de moins de 35 ans. Cette ann\u00e9e, les professionnels ont mis l\u2019accent sur l\u2019utilisation de mat\u00e9riaux naturels comme la pierre bleue, le bois, et l\u2019acier Corten, avec un retour en force des v\u00e9g\u00e9taux.<\/p>\n<p>Lors de la remise des prix du 13 septembre \u00e0 Gembloux, pr\u00e9sid\u00e9e par Luc No\u00ebl, des laur\u00e9ats de diff\u00e9rentes provinces wallonnes ont \u00e9t\u00e9 r\u00e9compens\u00e9s. Parmi eux, Brice et Morgan Leidgens ont remport\u00e9 la m\u00e9daille d\u2019or dans la cat\u00e9gorie grands jardins, tandis que Micha\u00ebl Frippiat et Nicolas Dumont ont re\u00e7u l\u2019or dans la cat\u00e9gorie jardins moyens. Dans la cat\u00e9gorie petits jardins, Guy Hombrouck et Olivier Gustin ont partag\u00e9 l\u2019or. Le prix Jeune Talent a \u00e9t\u00e9 attribu\u00e9 \u00e0 Thibault Van Duyse et Jeoffrey Wamberchies pour leur r\u00e9alisation d\u2019un jardin \u00e0 la fran\u00e7aise. <\/p>\n<p>Cette comp\u00e9tition est per\u00e7ue comme un tremplin pour la reconnaissance professionnelle et l\u2019expansion des r\u00e9seaux.<\/p>\n<p>\u00a9 Karin Geboes<br \/><a href=\"https:\/\/www.bfg-fbep.be\/fiche\/?fiche=6364&#038;nr=d88d65fd443078ebcc4c37a2981e8231\" target=\"_blank\" rel=\"noopener\">Dur\u00e9e de lecture<\/a>\u00a0<i class=\"far fa-clock\"><\/i> 3&#8243;<\/p>\n","protected":false},"excerpt":{"rendered":"<p>Le Concours de l\u2019Entrepreneur de Jardins de Wallonie permet aux jardiniers professionnels de&#8230;<\/p>\n","protected":false},"author":1,"featured_media":27095,"comment_status":"closed","ping_status":"closed","sticky":false,"template":"","format":"standard","meta":{"_acf_changed":false,"inline_featured_image":false,"footnotes":""},"categories":[265],"tags":[],"association":[277],"class_list":["post-27190","post","type-post","status-publish","format-standard","has-post-thumbnail","hentry","category-actualites","association-pro4green-fr"],"acf":[],"yoast_head":"<!-- This site is optimized with the Yoast SEO plugin v27.1.1 - https:\/\/yoast.com\/product\/yoast-seo-wordpress\/ -->\n<title>Nos entrepreneurs de jardins wallons r\u00e9compens\u00e9s: un classement qui met \u00e0 l\u2019honneur tous les coins de Wallonie! - Pro4Green<\/title>\n<meta name=\"robots\" content=\"index, follow, max-snippet:-1, max-image-preview:large, max-video-preview:-1\" \/>\n<link rel=\"canonical\" href=\"https:\/\/www.pro4green.be\/fr\/nos-entrepreneurs-de-jardins-wallons-recompenses-un-classement-qui-met-a-lhonneur-tous-les-coins-de-wallonie\/\" \/>\n<meta property=\"og:locale\" content=\"fr_FR\" \/>\n<meta property=\"og:type\" content=\"article\" \/>\n<meta property=\"og:title\" content=\"Nos entrepreneurs de jardins wallons r\u00e9compens\u00e9s: un classement qui met \u00e0 l\u2019honneur tous les coins de Wallonie! - Pro4Green\" \/>\n<meta property=\"og:description\" content=\"Le Concours de l\u2019Entrepreneur de Jardins de Wallonie permet aux jardiniers professionnels de...\" \/>\n<meta property=\"og:url\" content=\"https:\/\/www.pro4green.be\/fr\/nos-entrepreneurs-de-jardins-wallons-recompenses-un-classement-qui-met-a-lhonneur-tous-les-coins-de-wallonie\/\" \/>\n<meta property=\"og:site_name\" content=\"Pro4Green\" \/>\n<meta property=\"article:published_time\" content=\"2024-09-16T00:00:00+00:00\" \/>\n<meta property=\"og:image\" content=\"https:\/\/www.pro4green.be\/wp-content\/uploads\/2024\/10\/AP1GczME4rRF6EUFWn2qGXt6tvll7sMJ2VnWYGo0Z7hQkbiqxHd0jpKXfuMfs1tRSgo1iwA1bfVZl8g76LOhwXfdx1dsWcXY083_u5E68J8xZY7s1CCAR-OKDOkVWunyfL9qhz9SqO4X9MkRF5MDyq7aMoeaw1311-h927-s-no-gm.png\" \/>\n\t<meta property=\"og:image:width\" content=\"1311\" \/>\n\t<meta property=\"og:image:height\" content=\"927\" \/>\n\t<meta property=\"og:image:type\" content=\"image\/png\" \/>\n<meta name=\"author\" content=\"psgadmin\" \/>\n<meta name=\"twitter:card\" content=\"summary_large_image\" \/>\n<script type=\"application\/ld+json\" class=\"yoast-schema-graph\">{\"@context\":\"https:\/\/schema.org\",\"@graph\":[{\"@type\":\"Article\",\"@id\":\"https:\/\/www.pro4green.be\/fr\/nos-entrepreneurs-de-jardins-wallons-recompenses-un-classement-qui-met-a-lhonneur-tous-les-coins-de-wallonie\/#article\",\"isPartOf\":{\"@id\":\"https:\/\/www.pro4green.be\/fr\/nos-entrepreneurs-de-jardins-wallons-recompenses-un-classement-qui-met-a-lhonneur-tous-les-coins-de-wallonie\/\"},\"author\":{\"name\":\"psgadmin\",\"@id\":\"https:\/\/www.pro4green.be\/fr\/#\/schema\/person\/98e7de6b96fa129e8923c62fe4fbd729\"},\"headline\":\"Nos entrepreneurs de jardins wallons r\u00e9compens\u00e9s: un classement qui met \u00e0 l\u2019honneur tous les coins de Wallonie!\",\"datePublished\":\"2024-09-16T00:00:00+00:00\",\"mainEntityOfPage\":{\"@id\":\"https:\/\/www.pro4green.be\/fr\/nos-entrepreneurs-de-jardins-wallons-recompenses-un-classement-qui-met-a-lhonneur-tous-les-coins-de-wallonie\/\"},\"wordCount\":276,\"publisher\":{\"@id\":\"https:\/\/www.pro4green.be\/fr\/#organization\"},\"image\":{\"@id\":\"https:\/\/www.pro4green.be\/fr\/nos-entrepreneurs-de-jardins-wallons-recompenses-un-classement-qui-met-a-lhonneur-tous-les-coins-de-wallonie\/#primaryimage\"},\"thumbnailUrl\":\"https:\/\/www.pro4green.be\/wp-content\/uploads\/2024\/10\/AP1GczME4rRF6EUFWn2qGXt6tvll7sMJ2VnWYGo0Z7hQkbiqxHd0jpKXfuMfs1tRSgo1iwA1bfVZl8g76LOhwXfdx1dsWcXY083_u5E68J8xZY7s1CCAR-OKDOkVWunyfL9qhz9SqO4X9MkRF5MDyq7aMoeaw1311-h927-s-no-gm.png\",\"articleSection\":[\"Actualit\u00e9s\"],\"inLanguage\":\"fr-FR\"},{\"@type\":\"WebPage\",\"@id\":\"https:\/\/www.pro4green.be\/fr\/nos-entrepreneurs-de-jardins-wallons-recompenses-un-classement-qui-met-a-lhonneur-tous-les-coins-de-wallonie\/\",\"url\":\"https:\/\/www.pro4green.be\/fr\/nos-entrepreneurs-de-jardins-wallons-recompenses-un-classement-qui-met-a-lhonneur-tous-les-coins-de-wallonie\/\",\"name\":\"Nos entrepreneurs de jardins wallons r\u00e9compens\u00e9s: un classement qui met \u00e0 l\u2019honneur tous les coins de Wallonie! - Pro4Green\",\"isPartOf\":{\"@id\":\"https:\/\/www.pro4green.be\/fr\/#website\"},\"primaryImageOfPage\":{\"@id\":\"https:\/\/www.pro4green.be\/fr\/nos-entrepreneurs-de-jardins-wallons-recompenses-un-classement-qui-met-a-lhonneur-tous-les-coins-de-wallonie\/#primaryimage\"},\"image\":{\"@id\":\"https:\/\/www.pro4green.be\/fr\/nos-entrepreneurs-de-jardins-wallons-recompenses-un-classement-qui-met-a-lhonneur-tous-les-coins-de-wallonie\/#primaryimage\"},\"thumbnailUrl\":\"https:\/\/www.pro4green.be\/wp-content\/uploads\/2024\/10\/AP1GczME4rRF6EUFWn2qGXt6tvll7sMJ2VnWYGo0Z7hQkbiqxHd0jpKXfuMfs1tRSgo1iwA1bfVZl8g76LOhwXfdx1dsWcXY083_u5E68J8xZY7s1CCAR-OKDOkVWunyfL9qhz9SqO4X9MkRF5MDyq7aMoeaw1311-h927-s-no-gm.png\",\"datePublished\":\"2024-09-16T00:00:00+00:00\",\"breadcrumb\":{\"@id\":\"https:\/\/www.pro4green.be\/fr\/nos-entrepreneurs-de-jardins-wallons-recompenses-un-classement-qui-met-a-lhonneur-tous-les-coins-de-wallonie\/#breadcrumb\"},\"inLanguage\":\"fr-FR\",\"potentialAction\":[{\"@type\":\"ReadAction\",\"target\":[\"https:\/\/www.pro4green.be\/fr\/nos-entrepreneurs-de-jardins-wallons-recompenses-un-classement-qui-met-a-lhonneur-tous-les-coins-de-wallonie\/\"]}]},{\"@type\":\"ImageObject\",\"inLanguage\":\"fr-FR\",\"@id\":\"https:\/\/www.pro4green.be\/fr\/nos-entrepreneurs-de-jardins-wallons-recompenses-un-classement-qui-met-a-lhonneur-tous-les-coins-de-wallonie\/#primaryimage\",\"url\":\"https:\/\/www.pro4green.be\/wp-content\/uploads\/2024\/10\/AP1GczME4rRF6EUFWn2qGXt6tvll7sMJ2VnWYGo0Z7hQkbiqxHd0jpKXfuMfs1tRSgo1iwA1bfVZl8g76LOhwXfdx1dsWcXY083_u5E68J8xZY7s1CCAR-OKDOkVWunyfL9qhz9SqO4X9MkRF5MDyq7aMoeaw1311-h927-s-no-gm.png\",\"contentUrl\":\"https:\/\/www.pro4green.be\/wp-content\/uploads\/2024\/10\/AP1GczME4rRF6EUFWn2qGXt6tvll7sMJ2VnWYGo0Z7hQkbiqxHd0jpKXfuMfs1tRSgo1iwA1bfVZl8g76LOhwXfdx1dsWcXY083_u5E68J8xZY7s1CCAR-OKDOkVWunyfL9qhz9SqO4X9MkRF5MDyq7aMoeaw1311-h927-s-no-gm.png\",\"width\":1311,\"height\":927},{\"@type\":\"BreadcrumbList\",\"@id\":\"https:\/\/www.pro4green.be\/fr\/nos-entrepreneurs-de-jardins-wallons-recompenses-un-classement-qui-met-a-lhonneur-tous-les-coins-de-wallonie\/#breadcrumb\",\"itemListElement\":[{\"@type\":\"ListItem\",\"position\":1,\"name\":\"Home\",\"item\":\"https:\/\/www.pro4green.be\/fr\/\"},{\"@type\":\"ListItem\",\"position\":2,\"name\":\"Nos entrepreneurs de jardins wallons r\u00e9compens\u00e9s: un classement qui met \u00e0 l\u2019honneur tous les coins de Wallonie!\"}]},{\"@type\":\"WebSite\",\"@id\":\"https:\/\/www.pro4green.be\/fr\/#website\",\"url\":\"https:\/\/www.pro4green.be\/fr\/\",\"name\":\"Pro4Green\",\"description\":\"Waar professionaliteit en kwaliteit elkaar vinden\",\"publisher\":{\"@id\":\"https:\/\/www.pro4green.be\/fr\/#organization\"},\"potentialAction\":[{\"@type\":\"SearchAction\",\"target\":{\"@type\":\"EntryPoint\",\"urlTemplate\":\"https:\/\/www.pro4green.be\/fr\/?s={search_term_string}\"},\"query-input\":{\"@type\":\"PropertyValueSpecification\",\"valueRequired\":true,\"valueName\":\"search_term_string\"}}],\"inLanguage\":\"fr-FR\"},{\"@type\":\"Organization\",\"@id\":\"https:\/\/www.pro4green.be\/fr\/#organization\",\"name\":\"Pro4Green\",\"url\":\"https:\/\/www.pro4green.be\/fr\/\",\"logo\":{\"@type\":\"ImageObject\",\"inLanguage\":\"fr-FR\",\"@id\":\"https:\/\/www.pro4green.be\/fr\/#\/schema\/logo\/image\/\",\"url\":\"https:\/\/www.pro4green.be\/wp-content\/uploads\/2024\/07\/PRO4GREEN-logo-pos.svg\",\"contentUrl\":\"https:\/\/www.pro4green.be\/wp-content\/uploads\/2024\/07\/PRO4GREEN-logo-pos.svg\",\"width\":500,\"height\":225,\"caption\":\"Pro4Green\"},\"image\":{\"@id\":\"https:\/\/www.pro4green.be\/fr\/#\/schema\/logo\/image\/\"}},{\"@type\":\"Person\",\"@id\":\"https:\/\/www.pro4green.be\/fr\/#\/schema\/person\/98e7de6b96fa129e8923c62fe4fbd729\",\"name\":\"psgadmin\",\"image\":{\"@type\":\"ImageObject\",\"inLanguage\":\"fr-FR\",\"@id\":\"https:\/\/www.pro4green.be\/fr\/#\/schema\/person\/image\/\",\"url\":\"https:\/\/secure.gravatar.com\/avatar\/0210740d1bd5677a6eac9a6ac8981a33855488c8ad739f26519fbc00ccec8c86?s=96&d=mm&r=g\",\"contentUrl\":\"https:\/\/secure.gravatar.com\/avatar\/0210740d1bd5677a6eac9a6ac8981a33855488c8ad739f26519fbc00ccec8c86?s=96&d=mm&r=g\",\"caption\":\"psgadmin\"},\"sameAs\":[\"https:\/\/www.pro4green.be\"]}]}<\/script>\n<!-- \/ Yoast SEO plugin. -->","yoast_head_json":{"title":"Nos entrepreneurs de jardins wallons r\u00e9compens\u00e9s: un classement qui met \u00e0 l\u2019honneur tous les coins de Wallonie! - Pro4Green","robots":{"index":"index","follow":"follow","max-snippet":"max-snippet:-1","max-image-preview":"max-image-preview:large","max-video-preview":"max-video-preview:-1"},"canonical":"https:\/\/www.pro4green.be\/fr\/nos-entrepreneurs-de-jardins-wallons-recompenses-un-classement-qui-met-a-lhonneur-tous-les-coins-de-wallonie\/","og_locale":"fr_FR","og_type":"article","og_title":"Nos entrepreneurs de jardins wallons r\u00e9compens\u00e9s: un classement qui met \u00e0 l\u2019honneur tous les coins de Wallonie! - Pro4Green","og_description":"Le Concours de l\u2019Entrepreneur de Jardins de Wallonie permet aux jardiniers professionnels de...","og_url":"https:\/\/www.pro4green.be\/fr\/nos-entrepreneurs-de-jardins-wallons-recompenses-un-classement-qui-met-a-lhonneur-tous-les-coins-de-wallonie\/","og_site_name":"Pro4Green","article_published_time":"2024-09-16T00:00:00+00:00","og_image":[{"width":1311,"height":927,"url":"https:\/\/www.pro4green.be\/wp-content\/uploads\/2024\/10\/AP1GczME4rRF6EUFWn2qGXt6tvll7sMJ2VnWYGo0Z7hQkbiqxHd0jpKXfuMfs1tRSgo1iwA1bfVZl8g76LOhwXfdx1dsWcXY083_u5E68J8xZY7s1CCAR-OKDOkVWunyfL9qhz9SqO4X9MkRF5MDyq7aMoeaw1311-h927-s-no-gm.png","type":"image\/png"}],"author":"psgadmin","twitter_card":"summary_large_image","schema":{"@context":"https:\/\/schema.org","@graph":[{"@type":"Article","@id":"https:\/\/www.pro4green.be\/fr\/nos-entrepreneurs-de-jardins-wallons-recompenses-un-classement-qui-met-a-lhonneur-tous-les-coins-de-wallonie\/#article","isPartOf":{"@id":"https:\/\/www.pro4green.be\/fr\/nos-entrepreneurs-de-jardins-wallons-recompenses-un-classement-qui-met-a-lhonneur-tous-les-coins-de-wallonie\/"},"author":{"name":"psgadmin","@id":"https:\/\/www.pro4green.be\/fr\/#\/schema\/person\/98e7de6b96fa129e8923c62fe4fbd729"},"headline":"Nos entrepreneurs de jardins wallons r\u00e9compens\u00e9s: un classement qui met \u00e0 l\u2019honneur tous les coins de Wallonie!","datePublished":"2024-09-16T00:00:00+00:00","mainEntityOfPage":{"@id":"https:\/\/www.pro4green.be\/fr\/nos-entrepreneurs-de-jardins-wallons-recompenses-un-classement-qui-met-a-lhonneur-tous-les-coins-de-wallonie\/"},"wordCount":276,"publisher":{"@id":"https:\/\/www.pro4green.be\/fr\/#organization"},"image":{"@id":"https:\/\/www.pro4green.be\/fr\/nos-entrepreneurs-de-jardins-wallons-recompenses-un-classement-qui-met-a-lhonneur-tous-les-coins-de-wallonie\/#primaryimage"},"thumbnailUrl":"https:\/\/www.pro4green.be\/wp-content\/uploads\/2024\/10\/AP1GczME4rRF6EUFWn2qGXt6tvll7sMJ2VnWYGo0Z7hQkbiqxHd0jpKXfuMfs1tRSgo1iwA1bfVZl8g76LOhwXfdx1dsWcXY083_u5E68J8xZY7s1CCAR-OKDOkVWunyfL9qhz9SqO4X9MkRF5MDyq7aMoeaw1311-h927-s-no-gm.png","articleSection":["Actualit\u00e9s"],"inLanguage":"fr-FR"},{"@type":"WebPage","@id":"https:\/\/www.pro4green.be\/fr\/nos-entrepreneurs-de-jardins-wallons-recompenses-un-classement-qui-met-a-lhonneur-tous-les-coins-de-wallonie\/","url":"https:\/\/www.pro4green.be\/fr\/nos-entrepreneurs-de-jardins-wallons-recompenses-un-classement-qui-met-a-lhonneur-tous-les-coins-de-wallonie\/","name":"Nos entrepreneurs de jardins wallons r\u00e9compens\u00e9s: un classement qui met \u00e0 l\u2019honneur tous les coins de Wallonie! - Pro4Green","isPartOf":{"@id":"https:\/\/www.pro4green.be\/fr\/#website"},"primaryImageOfPage":{"@id":"https:\/\/www.pro4green.be\/fr\/nos-entrepreneurs-de-jardins-wallons-recompenses-un-classement-qui-met-a-lhonneur-tous-les-coins-de-wallonie\/#primaryimage"},"image":{"@id":"https:\/\/www.pro4green.be\/fr\/nos-entrepreneurs-de-jardins-wallons-recompenses-un-classement-qui-met-a-lhonneur-tous-les-coins-de-wallonie\/#primaryimage"},"thumbnailUrl":"https:\/\/www.pro4green.be\/wp-content\/uploads\/2024\/10\/AP1GczME4rRF6EUFWn2qGXt6tvll7sMJ2VnWYGo0Z7hQkbiqxHd0jpKXfuMfs1tRSgo1iwA1bfVZl8g76LOhwXfdx1dsWcXY083_u5E68J8xZY7s1CCAR-OKDOkVWunyfL9qhz9SqO4X9MkRF5MDyq7aMoeaw1311-h927-s-no-gm.png","datePublished":"2024-09-16T00:00:00+00:00","breadcrumb":{"@id":"https:\/\/www.pro4green.be\/fr\/nos-entrepreneurs-de-jardins-wallons-recompenses-un-classement-qui-met-a-lhonneur-tous-les-coins-de-wallonie\/#breadcrumb"},"inLanguage":"fr-FR","potentialAction":[{"@type":"ReadAction","target":["https:\/\/www.pro4green.be\/fr\/nos-entrepreneurs-de-jardins-wallons-recompenses-un-classement-qui-met-a-lhonneur-tous-les-coins-de-wallonie\/"]}]},{"@type":"ImageObject","inLanguage":"fr-FR","@id":"https:\/\/www.pro4green.be\/fr\/nos-entrepreneurs-de-jardins-wallons-recompenses-un-classement-qui-met-a-lhonneur-tous-les-coins-de-wallonie\/#primaryimage","url":"https:\/\/www.pro4green.be\/wp-content\/uploads\/2024\/10\/AP1GczME4rRF6EUFWn2qGXt6tvll7sMJ2VnWYGo0Z7hQkbiqxHd0jpKXfuMfs1tRSgo1iwA1bfVZl8g76LOhwXfdx1dsWcXY083_u5E68J8xZY7s1CCAR-OKDOkVWunyfL9qhz9SqO4X9MkRF5MDyq7aMoeaw1311-h927-s-no-gm.png","contentUrl":"https:\/\/www.pro4green.be\/wp-content\/uploads\/2024\/10\/AP1GczME4rRF6EUFWn2qGXt6tvll7sMJ2VnWYGo0Z7hQkbiqxHd0jpKXfuMfs1tRSgo1iwA1bfVZl8g76LOhwXfdx1dsWcXY083_u5E68J8xZY7s1CCAR-OKDOkVWunyfL9qhz9SqO4X9MkRF5MDyq7aMoeaw1311-h927-s-no-gm.png","width":1311,"height":927},{"@type":"BreadcrumbList","@id":"https:\/\/www.pro4green.be\/fr\/nos-entrepreneurs-de-jardins-wallons-recompenses-un-classement-qui-met-a-lhonneur-tous-les-coins-de-wallonie\/#breadcrumb","itemListElement":[{"@type":"ListItem","position":1,"name":"Home","item":"https:\/\/www.pro4green.be\/fr\/"},{"@type":"ListItem","position":2,"name":"Nos entrepreneurs de jardins wallons r\u00e9compens\u00e9s: un classement qui met \u00e0 l\u2019honneur tous les coins de Wallonie!"}]},{"@type":"WebSite","@id":"https:\/\/www.pro4green.be\/fr\/#website","url":"https:\/\/www.pro4green.be\/fr\/","name":"Pro4Green","description":"Waar professionaliteit en kwaliteit elkaar vinden","publisher":{"@id":"https:\/\/www.pro4green.be\/fr\/#organization"},"potentialAction":[{"@type":"SearchAction","target":{"@type":"EntryPoint","urlTemplate":"https:\/\/www.pro4green.be\/fr\/?s={search_term_string}"},"query-input":{"@type":"PropertyValueSpecification","valueRequired":true,"valueName":"search_term_string"}}],"inLanguage":"fr-FR"},{"@type":"Organization","@id":"https:\/\/www.pro4green.be\/fr\/#organization","name":"Pro4Green","url":"https:\/\/www.pro4green.be\/fr\/","logo":{"@type":"ImageObject","inLanguage":"fr-FR","@id":"https:\/\/www.pro4green.be\/fr\/#\/schema\/logo\/image\/","url":"https:\/\/www.pro4green.be\/wp-content\/uploads\/2024\/07\/PRO4GREEN-logo-pos.svg","contentUrl":"https:\/\/www.pro4green.be\/wp-content\/uploads\/2024\/07\/PRO4GREEN-logo-pos.svg","width":500,"height":225,"caption":"Pro4Green"},"image":{"@id":"https:\/\/www.pro4green.be\/fr\/#\/schema\/logo\/image\/"}},{"@type":"Person","@id":"https:\/\/www.pro4green.be\/fr\/#\/schema\/person\/98e7de6b96fa129e8923c62fe4fbd729","name":"psgadmin","image":{"@type":"ImageObject","inLanguage":"fr-FR","@id":"https:\/\/www.pro4green.be\/fr\/#\/schema\/person\/image\/","url":"https:\/\/secure.gravatar.com\/avatar\/0210740d1bd5677a6eac9a6ac8981a33855488c8ad739f26519fbc00ccec8c86?s=96&d=mm&r=g","contentUrl":"https:\/\/secure.gravatar.com\/avatar\/0210740d1bd5677a6eac9a6ac8981a33855488c8ad739f26519fbc00ccec8c86?s=96&d=mm&r=g","caption":"psgadmin"},"sameAs":["https:\/\/www.pro4green.be"]}]}},"_links":{"self":[{"href":"https:\/\/www.pro4green.be\/fr\/wp-json\/wp\/v2\/posts\/27190","targetHints":{"allow":["GET"]}}],"collection":[{"href":"https:\/\/www.pro4green.be\/fr\/wp-json\/wp\/v2\/posts"}],"about":[{"href":"https:\/\/www.pro4green.be\/fr\/wp-json\/wp\/v2\/types\/post"}],"author":[{"embeddable":true,"href":"https:\/\/www.pro4green.be\/fr\/wp-json\/wp\/v2\/users\/1"}],"replies":[{"embeddable":true,"href":"https:\/\/www.pro4green.be\/fr\/wp-json\/wp\/v2\/comments?post=27190"}],"version-history":[{"count":0,"href":"https:\/\/www.pro4green.be\/fr\/wp-json\/wp\/v2\/posts\/27190\/revisions"}],"wp:featuredmedia":[{"embeddable":true,"href":"https:\/\/www.pro4green.be\/fr\/wp-json\/wp\/v2\/media\/27095"}],"wp:attachment":[{"href":"https:\/\/www.pro4green.be\/fr\/wp-json\/wp\/v2\/media?parent=27190"}],"wp:term":[{"taxonomy":"category","embeddable":true,"href":"https:\/\/www.pro4green.be\/fr\/wp-json\/wp\/v2\/categories?post=27190"},{"taxonomy":"post_tag","embeddable":true,"href":"https:\/\/www.pro4green.be\/fr\/wp-json\/wp\/v2\/tags?post=27190"},{"taxonomy":"association","embeddable":true,"href":"https:\/\/www.pro4green.be\/fr\/wp-json\/wp\/v2\/association?post=27190"}],"curies":[{"name":"wp","href":"https:\/\/api.w.org\/{rel}","templated":true}]}}