{"id":27207,"date":"2024-08-19T00:00:00","date_gmt":"2024-08-19T00:00:00","guid":{"rendered":"https:\/\/www.pro4green.be\/plan-daction-contre-la-fraude-sociale-controle-eclair-en-septembre-2024\/"},"modified":"2024-08-19T00:00:00","modified_gmt":"2024-08-19T00:00:00","slug":"plan-daction-contre-la-fraude-sociale-controle-eclair-en-septembre-2024","status":"publish","type":"post","link":"https:\/\/www.pro4green.be\/fr\/plan-daction-contre-la-fraude-sociale-controle-eclair-en-septembre-2024\/","title":{"rendered":"Plan d\u2019action contre la fraude sociale : Contr\u00f4le \u00e9clair en septembre 2024"},"content":{"rendered":"<p>En septembre 2024, un contr\u00f4le \u00e9clair national sera organis\u00e9 dans les secteurs verts, dans le cadre du Plan d\u2019action contre la fraude sociale 2024. Ces contr\u00f4les, qui ont d\u00e9j\u00e0 eu lieu les ann\u00e9es pr\u00e9c\u00e9dentes, \u00e9taient principalement informatifs et pr\u00e9ventifs. Toutefois, des sanctions s\u00e9v\u00e8res peuvent \u00eatre prises en cas d\u2019infractions graves ou r\u00e9p\u00e9t\u00e9es. L\u2019article vous fournira toutes les informations essentielles pour vous pr\u00e9parer \u00e0 ces contr\u00f4les, en vous expliquant ce qu\u2019est la fraude sociale et les risques qu\u2019elle pr\u00e9sente pour les employeurs et les travailleurs.<\/p>\n<p>Vous d\u00e9couvrirez comment la fraude sociale, qui inclut des pratiques telles que le travail au noir et le dumping social, peut affecter la s\u00e9curit\u00e9 et les droits des travailleurs, ainsi que les cons\u00e9quences l\u00e9gales et financi\u00e8res pour les employeurs. L\u2019article explique \u00e9galement comment la F\u00e9d\u00e9ration Belge des Entrepreneurs Paysagistes (BFG-FBEP) s\u2019efforce de d\u00e9fendre vos int\u00e9r\u00eats tout en garantissant un \u00e9quilibre entre la lutte contre la fraude et la minimisation des charges administratives pour votre entreprise.<\/p>\n<p>La fraude sociale englobe toute infraction \u00e0 la l\u00e9gislation sociale, notamment le travail au noir, l\u2019exploitation, et le non-respect des r\u00e8gles de s\u00e9curit\u00e9 sociale et du travail. Elle peut avoir des cons\u00e9quences graves pour les employeurs et les employ\u00e9s, y compris des amendes, des sanctions p\u00e9nales, et des pertes de droits sociaux. En particulier, le travail au noir prive les salari\u00e9s de protection sociale et peut entra\u00eener des risques de s\u00e9curit\u00e9 et une absence de droits aux prestations sociales.<\/p>\n<p>\u00a9 Yves Heirman<br \/><a href=\"https:\/\/www.bfg-fbep.be\/fiche\/?fiche=6306&#038;nr=1f51d5fb80a85737af83497676a256c9\" target=\"_blank\" rel=\"noopener\">Dur\u00e9e de lecture<\/a>\u00a0<i class=\"far fa-clock\"><\/i> 10&#8243;<\/p>\n","protected":false},"excerpt":{"rendered":"<p>En septembre 2024, un contr\u00f4le \u00e9clair national sera organis\u00e9 dans les secteurs verts,&#8230;<\/p>\n","protected":false},"author":1,"featured_media":27154,"comment_status":"closed","ping_status":"closed","sticky":false,"template":"","format":"standard","meta":{"_acf_changed":false,"inline_featured_image":false,"footnotes":""},"categories":[265],"tags":[],"association":[277],"class_list":["post-27207","post","type-post","status-publish","format-standard","has-post-thumbnail","hentry","category-actualites","association-pro4green-fr"],"acf":[],"yoast_head":"<!-- This site is optimized with the Yoast SEO plugin v27.1.1 - https:\/\/yoast.com\/product\/yoast-seo-wordpress\/ -->\n<title>Plan d\u2019action contre la fraude sociale : Contr\u00f4le \u00e9clair en septembre 2024 - Pro4Green<\/title>\n<meta name=\"robots\" content=\"index, follow, max-snippet:-1, max-image-preview:large, max-video-preview:-1\" \/>\n<link rel=\"canonical\" href=\"https:\/\/www.pro4green.be\/fr\/plan-daction-contre-la-fraude-sociale-controle-eclair-en-septembre-2024\/\" \/>\n<meta property=\"og:locale\" content=\"fr_FR\" \/>\n<meta property=\"og:type\" content=\"article\" \/>\n<meta property=\"og:title\" content=\"Plan d\u2019action contre la fraude sociale : Contr\u00f4le \u00e9clair en septembre 2024 - Pro4Green\" \/>\n<meta property=\"og:description\" content=\"En septembre 2024, un contr\u00f4le \u00e9clair national sera organis\u00e9 dans les secteurs verts,...\" \/>\n<meta property=\"og:url\" content=\"https:\/\/www.pro4green.be\/fr\/plan-daction-contre-la-fraude-sociale-controle-eclair-en-septembre-2024\/\" \/>\n<meta property=\"og:site_name\" content=\"Pro4Green\" \/>\n<meta property=\"article:published_time\" content=\"2024-08-19T00:00:00+00:00\" \/>\n<meta property=\"og:image\" content=\"https:\/\/www.pro4green.be\/wp-content\/uploads\/2024\/10\/AP1GczNEYf0gBXW__QvsrOsWT-wuhktCzMBYiO4zEN1M8nDsyQZXqCLP-3ayengxJR3W8LdwS9Zosk-4lJel6V52gxND84B0w4CU5n_uHajFcd4g494-fHhB2fq0ZUxDBtQqos1UcYZxl-rpuW-N9T_YHIlVw729-h624-s-no-gm.jpeg\" \/>\n\t<meta property=\"og:image:width\" content=\"729\" \/>\n\t<meta property=\"og:image:height\" content=\"624\" \/>\n\t<meta property=\"og:image:type\" content=\"image\/jpeg\" \/>\n<meta name=\"author\" content=\"psgadmin\" \/>\n<meta name=\"twitter:card\" content=\"summary_large_image\" \/>\n<script type=\"application\/ld+json\" class=\"yoast-schema-graph\">{\"@context\":\"https:\/\/schema.org\",\"@graph\":[{\"@type\":\"Article\",\"@id\":\"https:\/\/www.pro4green.be\/fr\/plan-daction-contre-la-fraude-sociale-controle-eclair-en-septembre-2024\/#article\",\"isPartOf\":{\"@id\":\"https:\/\/www.pro4green.be\/fr\/plan-daction-contre-la-fraude-sociale-controle-eclair-en-septembre-2024\/\"},\"author\":{\"name\":\"psgadmin\",\"@id\":\"https:\/\/www.pro4green.be\/fr\/#\/schema\/person\/98e7de6b96fa129e8923c62fe4fbd729\"},\"headline\":\"Plan d\u2019action contre la fraude sociale : Contr\u00f4le \u00e9clair en septembre 2024\",\"datePublished\":\"2024-08-19T00:00:00+00:00\",\"mainEntityOfPage\":{\"@id\":\"https:\/\/www.pro4green.be\/fr\/plan-daction-contre-la-fraude-sociale-controle-eclair-en-septembre-2024\/\"},\"wordCount\":294,\"publisher\":{\"@id\":\"https:\/\/www.pro4green.be\/fr\/#organization\"},\"image\":{\"@id\":\"https:\/\/www.pro4green.be\/fr\/plan-daction-contre-la-fraude-sociale-controle-eclair-en-septembre-2024\/#primaryimage\"},\"thumbnailUrl\":\"https:\/\/www.pro4green.be\/wp-content\/uploads\/2024\/10\/AP1GczNEYf0gBXW__QvsrOsWT-wuhktCzMBYiO4zEN1M8nDsyQZXqCLP-3ayengxJR3W8LdwS9Zosk-4lJel6V52gxND84B0w4CU5n_uHajFcd4g494-fHhB2fq0ZUxDBtQqos1UcYZxl-rpuW-N9T_YHIlVw729-h624-s-no-gm.jpeg\",\"articleSection\":[\"Actualit\u00e9s\"],\"inLanguage\":\"fr-FR\"},{\"@type\":\"WebPage\",\"@id\":\"https:\/\/www.pro4green.be\/fr\/plan-daction-contre-la-fraude-sociale-controle-eclair-en-septembre-2024\/\",\"url\":\"https:\/\/www.pro4green.be\/fr\/plan-daction-contre-la-fraude-sociale-controle-eclair-en-septembre-2024\/\",\"name\":\"Plan d\u2019action contre la fraude sociale : Contr\u00f4le \u00e9clair en septembre 2024 - Pro4Green\",\"isPartOf\":{\"@id\":\"https:\/\/www.pro4green.be\/fr\/#website\"},\"primaryImageOfPage\":{\"@id\":\"https:\/\/www.pro4green.be\/fr\/plan-daction-contre-la-fraude-sociale-controle-eclair-en-septembre-2024\/#primaryimage\"},\"image\":{\"@id\":\"https:\/\/www.pro4green.be\/fr\/plan-daction-contre-la-fraude-sociale-controle-eclair-en-septembre-2024\/#primaryimage\"},\"thumbnailUrl\":\"https:\/\/www.pro4green.be\/wp-content\/uploads\/2024\/10\/AP1GczNEYf0gBXW__QvsrOsWT-wuhktCzMBYiO4zEN1M8nDsyQZXqCLP-3ayengxJR3W8LdwS9Zosk-4lJel6V52gxND84B0w4CU5n_uHajFcd4g494-fHhB2fq0ZUxDBtQqos1UcYZxl-rpuW-N9T_YHIlVw729-h624-s-no-gm.jpeg\",\"datePublished\":\"2024-08-19T00:00:00+00:00\",\"breadcrumb\":{\"@id\":\"https:\/\/www.pro4green.be\/fr\/plan-daction-contre-la-fraude-sociale-controle-eclair-en-septembre-2024\/#breadcrumb\"},\"inLanguage\":\"fr-FR\",\"potentialAction\":[{\"@type\":\"ReadAction\",\"target\":[\"https:\/\/www.pro4green.be\/fr\/plan-daction-contre-la-fraude-sociale-controle-eclair-en-septembre-2024\/\"]}]},{\"@type\":\"ImageObject\",\"inLanguage\":\"fr-FR\",\"@id\":\"https:\/\/www.pro4green.be\/fr\/plan-daction-contre-la-fraude-sociale-controle-eclair-en-septembre-2024\/#primaryimage\",\"url\":\"https:\/\/www.pro4green.be\/wp-content\/uploads\/2024\/10\/AP1GczNEYf0gBXW__QvsrOsWT-wuhktCzMBYiO4zEN1M8nDsyQZXqCLP-3ayengxJR3W8LdwS9Zosk-4lJel6V52gxND84B0w4CU5n_uHajFcd4g494-fHhB2fq0ZUxDBtQqos1UcYZxl-rpuW-N9T_YHIlVw729-h624-s-no-gm.jpeg\",\"contentUrl\":\"https:\/\/www.pro4green.be\/wp-content\/uploads\/2024\/10\/AP1GczNEYf0gBXW__QvsrOsWT-wuhktCzMBYiO4zEN1M8nDsyQZXqCLP-3ayengxJR3W8LdwS9Zosk-4lJel6V52gxND84B0w4CU5n_uHajFcd4g494-fHhB2fq0ZUxDBtQqos1UcYZxl-rpuW-N9T_YHIlVw729-h624-s-no-gm.jpeg\",\"width\":729,\"height\":624},{\"@type\":\"BreadcrumbList\",\"@id\":\"https:\/\/www.pro4green.be\/fr\/plan-daction-contre-la-fraude-sociale-controle-eclair-en-septembre-2024\/#breadcrumb\",\"itemListElement\":[{\"@type\":\"ListItem\",\"position\":1,\"name\":\"Home\",\"item\":\"https:\/\/www.pro4green.be\/fr\/\"},{\"@type\":\"ListItem\",\"position\":2,\"name\":\"Plan d\u2019action contre la fraude sociale : Contr\u00f4le \u00e9clair en septembre 2024\"}]},{\"@type\":\"WebSite\",\"@id\":\"https:\/\/www.pro4green.be\/fr\/#website\",\"url\":\"https:\/\/www.pro4green.be\/fr\/\",\"name\":\"Pro4Green\",\"description\":\"Waar professionaliteit en kwaliteit elkaar vinden\",\"publisher\":{\"@id\":\"https:\/\/www.pro4green.be\/fr\/#organization\"},\"potentialAction\":[{\"@type\":\"SearchAction\",\"target\":{\"@type\":\"EntryPoint\",\"urlTemplate\":\"https:\/\/www.pro4green.be\/fr\/?s={search_term_string}\"},\"query-input\":{\"@type\":\"PropertyValueSpecification\",\"valueRequired\":true,\"valueName\":\"search_term_string\"}}],\"inLanguage\":\"fr-FR\"},{\"@type\":\"Organization\",\"@id\":\"https:\/\/www.pro4green.be\/fr\/#organization\",\"name\":\"Pro4Green\",\"url\":\"https:\/\/www.pro4green.be\/fr\/\",\"logo\":{\"@type\":\"ImageObject\",\"inLanguage\":\"fr-FR\",\"@id\":\"https:\/\/www.pro4green.be\/fr\/#\/schema\/logo\/image\/\",\"url\":\"https:\/\/www.pro4green.be\/wp-content\/uploads\/2024\/07\/PRO4GREEN-logo-pos.svg\",\"contentUrl\":\"https:\/\/www.pro4green.be\/wp-content\/uploads\/2024\/07\/PRO4GREEN-logo-pos.svg\",\"width\":500,\"height\":225,\"caption\":\"Pro4Green\"},\"image\":{\"@id\":\"https:\/\/www.pro4green.be\/fr\/#\/schema\/logo\/image\/\"}},{\"@type\":\"Person\",\"@id\":\"https:\/\/www.pro4green.be\/fr\/#\/schema\/person\/98e7de6b96fa129e8923c62fe4fbd729\",\"name\":\"psgadmin\",\"image\":{\"@type\":\"ImageObject\",\"inLanguage\":\"fr-FR\",\"@id\":\"https:\/\/www.pro4green.be\/fr\/#\/schema\/person\/image\/\",\"url\":\"https:\/\/secure.gravatar.com\/avatar\/0210740d1bd5677a6eac9a6ac8981a33855488c8ad739f26519fbc00ccec8c86?s=96&d=mm&r=g\",\"contentUrl\":\"https:\/\/secure.gravatar.com\/avatar\/0210740d1bd5677a6eac9a6ac8981a33855488c8ad739f26519fbc00ccec8c86?s=96&d=mm&r=g\",\"caption\":\"psgadmin\"},\"sameAs\":[\"https:\/\/www.pro4green.be\"]}]}<\/script>\n<!-- \/ Yoast SEO plugin. -->","yoast_head_json":{"title":"Plan d\u2019action contre la fraude sociale : Contr\u00f4le \u00e9clair en septembre 2024 - Pro4Green","robots":{"index":"index","follow":"follow","max-snippet":"max-snippet:-1","max-image-preview":"max-image-preview:large","max-video-preview":"max-video-preview:-1"},"canonical":"https:\/\/www.pro4green.be\/fr\/plan-daction-contre-la-fraude-sociale-controle-eclair-en-septembre-2024\/","og_locale":"fr_FR","og_type":"article","og_title":"Plan d\u2019action contre la fraude sociale : Contr\u00f4le \u00e9clair en septembre 2024 - Pro4Green","og_description":"En septembre 2024, un contr\u00f4le \u00e9clair national sera organis\u00e9 dans les secteurs verts,...","og_url":"https:\/\/www.pro4green.be\/fr\/plan-daction-contre-la-fraude-sociale-controle-eclair-en-septembre-2024\/","og_site_name":"Pro4Green","article_published_time":"2024-08-19T00:00:00+00:00","og_image":[{"width":729,"height":624,"url":"https:\/\/www.pro4green.be\/wp-content\/uploads\/2024\/10\/AP1GczNEYf0gBXW__QvsrOsWT-wuhktCzMBYiO4zEN1M8nDsyQZXqCLP-3ayengxJR3W8LdwS9Zosk-4lJel6V52gxND84B0w4CU5n_uHajFcd4g494-fHhB2fq0ZUxDBtQqos1UcYZxl-rpuW-N9T_YHIlVw729-h624-s-no-gm.jpeg","type":"image\/jpeg"}],"author":"psgadmin","twitter_card":"summary_large_image","schema":{"@context":"https:\/\/schema.org","@graph":[{"@type":"Article","@id":"https:\/\/www.pro4green.be\/fr\/plan-daction-contre-la-fraude-sociale-controle-eclair-en-septembre-2024\/#article","isPartOf":{"@id":"https:\/\/www.pro4green.be\/fr\/plan-daction-contre-la-fraude-sociale-controle-eclair-en-septembre-2024\/"},"author":{"name":"psgadmin","@id":"https:\/\/www.pro4green.be\/fr\/#\/schema\/person\/98e7de6b96fa129e8923c62fe4fbd729"},"headline":"Plan d\u2019action contre la fraude sociale : Contr\u00f4le \u00e9clair en septembre 2024","datePublished":"2024-08-19T00:00:00+00:00","mainEntityOfPage":{"@id":"https:\/\/www.pro4green.be\/fr\/plan-daction-contre-la-fraude-sociale-controle-eclair-en-septembre-2024\/"},"wordCount":294,"publisher":{"@id":"https:\/\/www.pro4green.be\/fr\/#organization"},"image":{"@id":"https:\/\/www.pro4green.be\/fr\/plan-daction-contre-la-fraude-sociale-controle-eclair-en-septembre-2024\/#primaryimage"},"thumbnailUrl":"https:\/\/www.pro4green.be\/wp-content\/uploads\/2024\/10\/AP1GczNEYf0gBXW__QvsrOsWT-wuhktCzMBYiO4zEN1M8nDsyQZXqCLP-3ayengxJR3W8LdwS9Zosk-4lJel6V52gxND84B0w4CU5n_uHajFcd4g494-fHhB2fq0ZUxDBtQqos1UcYZxl-rpuW-N9T_YHIlVw729-h624-s-no-gm.jpeg","articleSection":["Actualit\u00e9s"],"inLanguage":"fr-FR"},{"@type":"WebPage","@id":"https:\/\/www.pro4green.be\/fr\/plan-daction-contre-la-fraude-sociale-controle-eclair-en-septembre-2024\/","url":"https:\/\/www.pro4green.be\/fr\/plan-daction-contre-la-fraude-sociale-controle-eclair-en-septembre-2024\/","name":"Plan d\u2019action contre la fraude sociale : Contr\u00f4le \u00e9clair en septembre 2024 - Pro4Green","isPartOf":{"@id":"https:\/\/www.pro4green.be\/fr\/#website"},"primaryImageOfPage":{"@id":"https:\/\/www.pro4green.be\/fr\/plan-daction-contre-la-fraude-sociale-controle-eclair-en-septembre-2024\/#primaryimage"},"image":{"@id":"https:\/\/www.pro4green.be\/fr\/plan-daction-contre-la-fraude-sociale-controle-eclair-en-septembre-2024\/#primaryimage"},"thumbnailUrl":"https:\/\/www.pro4green.be\/wp-content\/uploads\/2024\/10\/AP1GczNEYf0gBXW__QvsrOsWT-wuhktCzMBYiO4zEN1M8nDsyQZXqCLP-3ayengxJR3W8LdwS9Zosk-4lJel6V52gxND84B0w4CU5n_uHajFcd4g494-fHhB2fq0ZUxDBtQqos1UcYZxl-rpuW-N9T_YHIlVw729-h624-s-no-gm.jpeg","datePublished":"2024-08-19T00:00:00+00:00","breadcrumb":{"@id":"https:\/\/www.pro4green.be\/fr\/plan-daction-contre-la-fraude-sociale-controle-eclair-en-septembre-2024\/#breadcrumb"},"inLanguage":"fr-FR","potentialAction":[{"@type":"ReadAction","target":["https:\/\/www.pro4green.be\/fr\/plan-daction-contre-la-fraude-sociale-controle-eclair-en-septembre-2024\/"]}]},{"@type":"ImageObject","inLanguage":"fr-FR","@id":"https:\/\/www.pro4green.be\/fr\/plan-daction-contre-la-fraude-sociale-controle-eclair-en-septembre-2024\/#primaryimage","url":"https:\/\/www.pro4green.be\/wp-content\/uploads\/2024\/10\/AP1GczNEYf0gBXW__QvsrOsWT-wuhktCzMBYiO4zEN1M8nDsyQZXqCLP-3ayengxJR3W8LdwS9Zosk-4lJel6V52gxND84B0w4CU5n_uHajFcd4g494-fHhB2fq0ZUxDBtQqos1UcYZxl-rpuW-N9T_YHIlVw729-h624-s-no-gm.jpeg","contentUrl":"https:\/\/www.pro4green.be\/wp-content\/uploads\/2024\/10\/AP1GczNEYf0gBXW__QvsrOsWT-wuhktCzMBYiO4zEN1M8nDsyQZXqCLP-3ayengxJR3W8LdwS9Zosk-4lJel6V52gxND84B0w4CU5n_uHajFcd4g494-fHhB2fq0ZUxDBtQqos1UcYZxl-rpuW-N9T_YHIlVw729-h624-s-no-gm.jpeg","width":729,"height":624},{"@type":"BreadcrumbList","@id":"https:\/\/www.pro4green.be\/fr\/plan-daction-contre-la-fraude-sociale-controle-eclair-en-septembre-2024\/#breadcrumb","itemListElement":[{"@type":"ListItem","position":1,"name":"Home","item":"https:\/\/www.pro4green.be\/fr\/"},{"@type":"ListItem","position":2,"name":"Plan d\u2019action contre la fraude sociale : Contr\u00f4le \u00e9clair en septembre 2024"}]},{"@type":"WebSite","@id":"https:\/\/www.pro4green.be\/fr\/#website","url":"https:\/\/www.pro4green.be\/fr\/","name":"Pro4Green","description":"Waar professionaliteit en kwaliteit elkaar vinden","publisher":{"@id":"https:\/\/www.pro4green.be\/fr\/#organization"},"potentialAction":[{"@type":"SearchAction","target":{"@type":"EntryPoint","urlTemplate":"https:\/\/www.pro4green.be\/fr\/?s={search_term_string}"},"query-input":{"@type":"PropertyValueSpecification","valueRequired":true,"valueName":"search_term_string"}}],"inLanguage":"fr-FR"},{"@type":"Organization","@id":"https:\/\/www.pro4green.be\/fr\/#organization","name":"Pro4Green","url":"https:\/\/www.pro4green.be\/fr\/","logo":{"@type":"ImageObject","inLanguage":"fr-FR","@id":"https:\/\/www.pro4green.be\/fr\/#\/schema\/logo\/image\/","url":"https:\/\/www.pro4green.be\/wp-content\/uploads\/2024\/07\/PRO4GREEN-logo-pos.svg","contentUrl":"https:\/\/www.pro4green.be\/wp-content\/uploads\/2024\/07\/PRO4GREEN-logo-pos.svg","width":500,"height":225,"caption":"Pro4Green"},"image":{"@id":"https:\/\/www.pro4green.be\/fr\/#\/schema\/logo\/image\/"}},{"@type":"Person","@id":"https:\/\/www.pro4green.be\/fr\/#\/schema\/person\/98e7de6b96fa129e8923c62fe4fbd729","name":"psgadmin","image":{"@type":"ImageObject","inLanguage":"fr-FR","@id":"https:\/\/www.pro4green.be\/fr\/#\/schema\/person\/image\/","url":"https:\/\/secure.gravatar.com\/avatar\/0210740d1bd5677a6eac9a6ac8981a33855488c8ad739f26519fbc00ccec8c86?s=96&d=mm&r=g","contentUrl":"https:\/\/secure.gravatar.com\/avatar\/0210740d1bd5677a6eac9a6ac8981a33855488c8ad739f26519fbc00ccec8c86?s=96&d=mm&r=g","caption":"psgadmin"},"sameAs":["https:\/\/www.pro4green.be"]}]}},"_links":{"self":[{"href":"https:\/\/www.pro4green.be\/fr\/wp-json\/wp\/v2\/posts\/27207","targetHints":{"allow":["GET"]}}],"collection":[{"href":"https:\/\/www.pro4green.be\/fr\/wp-json\/wp\/v2\/posts"}],"about":[{"href":"https:\/\/www.pro4green.be\/fr\/wp-json\/wp\/v2\/types\/post"}],"author":[{"embeddable":true,"href":"https:\/\/www.pro4green.be\/fr\/wp-json\/wp\/v2\/users\/1"}],"replies":[{"embeddable":true,"href":"https:\/\/www.pro4green.be\/fr\/wp-json\/wp\/v2\/comments?post=27207"}],"version-history":[{"count":0,"href":"https:\/\/www.pro4green.be\/fr\/wp-json\/wp\/v2\/posts\/27207\/revisions"}],"wp:featuredmedia":[{"embeddable":true,"href":"https:\/\/www.pro4green.be\/fr\/wp-json\/wp\/v2\/media\/27154"}],"wp:attachment":[{"href":"https:\/\/www.pro4green.be\/fr\/wp-json\/wp\/v2\/media?parent=27207"}],"wp:term":[{"taxonomy":"category","embeddable":true,"href":"https:\/\/www.pro4green.be\/fr\/wp-json\/wp\/v2\/categories?post=27207"},{"taxonomy":"post_tag","embeddable":true,"href":"https:\/\/www.pro4green.be\/fr\/wp-json\/wp\/v2\/tags?post=27207"},{"taxonomy":"association","embeddable":true,"href":"https:\/\/www.pro4green.be\/fr\/wp-json\/wp\/v2\/association?post=27207"}],"curies":[{"name":"wp","href":"https:\/\/api.w.org\/{rel}","templated":true}]}}