{"id":27467,"date":"2024-10-17T00:00:00","date_gmt":"2024-10-17T00:00:00","guid":{"rendered":"https:\/\/www.pro4green.be\/pro4green-a-la-table-de-la-cellule-de-pilotage-syntra-toits-climatiques\/"},"modified":"2024-10-17T00:00:00","modified_gmt":"2024-10-17T00:00:00","slug":"pro4green-a-la-table-de-la-cellule-de-pilotage-syntra-toits-climatiques","status":"publish","type":"post","link":"https:\/\/www.pro4green.be\/fr\/pro4green-a-la-table-de-la-cellule-de-pilotage-syntra-toits-climatiques\/","title":{"rendered":"Pro4Green \u00e0 la table de la cellule de pilotage SYNTRA, toits climatiques."},"content":{"rendered":"<p>La cellule de pilotage Toits Climatiques de Syntra a \u00e9t\u00e9 cr\u00e9\u00e9e pour identifier et d\u00e9finir les besoins en formation dans le cadre des solutions de toitures innovantes. Les toits climatiques, qui combinent toits v\u00e9g\u00e9talis\u00e9s, \u00e9nergie solaire et syst\u00e8mes de r\u00e9cup\u00e9ration d\u2019eau, gagnent rapidement en popularit\u00e9 gr\u00e2ce \u00e0 leurs effets positifs sur l\u2019\u00e9conomie d\u2019\u00e9nergie, la biodiversit\u00e9 et l\u2019adaptation au changement climatique. Cette cellule de pilotage, compos\u00e9e d\u2019associations professionnelles, d\u2019entreprises, d\u2019instituts de formation et d\u2019organismes publics, joue un r\u00f4le central dans le d\u00e9veloppement des formations adapt\u00e9es aux toits climatiques et dans la prise en compte des int\u00e9r\u00eats des diff\u00e9rentes parties prenantes.<\/p>\n<p>Syntra, un r\u00e9seau de formation en Flandre et \u00e0 Bruxelles, coordonne la collaboration entre les parties concern\u00e9es et d\u00e9veloppe des programmes de formation pour soutenir les professionnels des secteurs de la construction et des espaces verts. Pro4Green, l\u2019organisation professionnelle des entrepreneurs paysagistes, est un partenaire cl\u00e9 au sein de la cellule de pilotage. Lisbeth Creemers repr\u00e9sente les int\u00e9r\u00eats des professionnels des espaces verts et veille \u00e0 ce que leurs besoins et leurs exp\u00e9riences soient pris en compte lors des discussions.<\/p>\n<p>La cellule de pilotage se concentre sur le d\u00e9veloppement de nouvelles formations et de propositions politiques pour le secteur. Les entrepreneurs paysagistes peuvent activement contribuer en partageant leurs id\u00e9es et en participant aux enqu\u00eates et discussions. L\u2019objectif est de renforcer les entreprises paysag\u00e8res dans un march\u00e9 de plus en plus ax\u00e9 sur la durabilit\u00e9 et l\u2019innovation.<\/p>\n<p>\u00a9 Yves Heirman<br \/><a href=\"https:\/\/www.bfg-fbep.be\/fiche\/?fiche=6386&#038;nr=ade91b99c53d6e0aec6f066a3f864a28\" target=\"_blank\" rel=\"noopener\">Dur\u00e9e de lecture<\/a>\u00a0<i class=\"far fa-clock\"><\/i> 8&#8243;<\/p>\n","protected":false},"excerpt":{"rendered":"<p>La cellule de pilotage Toits Climatiques de Syntra a \u00e9t\u00e9 cr\u00e9\u00e9e pour identifier et d\u00e9finir les&#8230;<\/p>\n","protected":false},"author":1,"featured_media":27461,"comment_status":"closed","ping_status":"closed","sticky":false,"template":"","format":"standard","meta":{"_acf_changed":false,"inline_featured_image":false,"footnotes":""},"categories":[265],"tags":[],"association":[277],"class_list":["post-27467","post","type-post","status-publish","format-standard","has-post-thumbnail","hentry","category-actualites","association-pro4green-fr"],"acf":[],"yoast_head":"<!-- This site is optimized with the Yoast SEO plugin v27.1.1 - https:\/\/yoast.com\/product\/yoast-seo-wordpress\/ -->\n<title>Pro4Green \u00e0 la table de la cellule de pilotage SYNTRA, toits climatiques. - Pro4Green<\/title>\n<meta name=\"robots\" content=\"index, follow, max-snippet:-1, max-image-preview:large, max-video-preview:-1\" \/>\n<link rel=\"canonical\" href=\"https:\/\/www.pro4green.be\/fr\/pro4green-a-la-table-de-la-cellule-de-pilotage-syntra-toits-climatiques\/\" \/>\n<meta property=\"og:locale\" content=\"fr_FR\" \/>\n<meta property=\"og:type\" content=\"article\" \/>\n<meta property=\"og:title\" content=\"Pro4Green \u00e0 la table de la cellule de pilotage SYNTRA, toits climatiques. - Pro4Green\" \/>\n<meta property=\"og:description\" content=\"La cellule de pilotage Toits Climatiques de Syntra a \u00e9t\u00e9 cr\u00e9\u00e9e pour identifier et d\u00e9finir les...\" \/>\n<meta property=\"og:url\" content=\"https:\/\/www.pro4green.be\/fr\/pro4green-a-la-table-de-la-cellule-de-pilotage-syntra-toits-climatiques\/\" \/>\n<meta property=\"og:site_name\" content=\"Pro4Green\" \/>\n<meta property=\"article:published_time\" content=\"2024-10-17T00:00:00+00:00\" \/>\n<meta property=\"og:image\" content=\"https:\/\/www.pro4green.be\/wp-content\/uploads\/2024\/10\/AP1GczOUke51nOmxJNqGRMxxyW7_jqcuQtlCtrE7XCHo3aSWb64MmiJ0-_N6mMUgbl7jiqEQ8QrZ85xLC3hSeuxEhguGy2-ScWFTPvXvFPUFqUW-v15Tn_oI7PdH4C-dsfMY1HVqgtxf19MTAsPAV04RLmeRw735-h735-s-no-gm-jpeg.avif\" \/>\n\t<meta property=\"og:image:width\" content=\"735\" \/>\n\t<meta property=\"og:image:height\" content=\"735\" \/>\n\t<meta property=\"og:image:type\" content=\"image\/jpeg\" \/>\n<meta name=\"author\" content=\"psgadmin\" \/>\n<meta name=\"twitter:card\" content=\"summary_large_image\" \/>\n<script type=\"application\/ld+json\" class=\"yoast-schema-graph\">{\"@context\":\"https:\/\/schema.org\",\"@graph\":[{\"@type\":\"Article\",\"@id\":\"https:\/\/www.pro4green.be\/fr\/pro4green-a-la-table-de-la-cellule-de-pilotage-syntra-toits-climatiques\/#article\",\"isPartOf\":{\"@id\":\"https:\/\/www.pro4green.be\/fr\/pro4green-a-la-table-de-la-cellule-de-pilotage-syntra-toits-climatiques\/\"},\"author\":{\"name\":\"psgadmin\",\"@id\":\"https:\/\/www.pro4green.be\/fr\/#\/schema\/person\/98e7de6b96fa129e8923c62fe4fbd729\"},\"headline\":\"Pro4Green \u00e0 la table de la cellule de pilotage SYNTRA, toits climatiques.\",\"datePublished\":\"2024-10-17T00:00:00+00:00\",\"mainEntityOfPage\":{\"@id\":\"https:\/\/www.pro4green.be\/fr\/pro4green-a-la-table-de-la-cellule-de-pilotage-syntra-toits-climatiques\/\"},\"wordCount\":289,\"publisher\":{\"@id\":\"https:\/\/www.pro4green.be\/fr\/#organization\"},\"image\":{\"@id\":\"https:\/\/www.pro4green.be\/fr\/pro4green-a-la-table-de-la-cellule-de-pilotage-syntra-toits-climatiques\/#primaryimage\"},\"thumbnailUrl\":\"https:\/\/www.pro4green.be\/wp-content\/uploads\/2024\/10\/AP1GczOUke51nOmxJNqGRMxxyW7_jqcuQtlCtrE7XCHo3aSWb64MmiJ0-_N6mMUgbl7jiqEQ8QrZ85xLC3hSeuxEhguGy2-ScWFTPvXvFPUFqUW-v15Tn_oI7PdH4C-dsfMY1HVqgtxf19MTAsPAV04RLmeRw735-h735-s-no-gm-jpeg.avif\",\"articleSection\":[\"Actualit\u00e9s\"],\"inLanguage\":\"fr-FR\"},{\"@type\":\"WebPage\",\"@id\":\"https:\/\/www.pro4green.be\/fr\/pro4green-a-la-table-de-la-cellule-de-pilotage-syntra-toits-climatiques\/\",\"url\":\"https:\/\/www.pro4green.be\/fr\/pro4green-a-la-table-de-la-cellule-de-pilotage-syntra-toits-climatiques\/\",\"name\":\"Pro4Green \u00e0 la table de la cellule de pilotage SYNTRA, toits climatiques. - Pro4Green\",\"isPartOf\":{\"@id\":\"https:\/\/www.pro4green.be\/fr\/#website\"},\"primaryImageOfPage\":{\"@id\":\"https:\/\/www.pro4green.be\/fr\/pro4green-a-la-table-de-la-cellule-de-pilotage-syntra-toits-climatiques\/#primaryimage\"},\"image\":{\"@id\":\"https:\/\/www.pro4green.be\/fr\/pro4green-a-la-table-de-la-cellule-de-pilotage-syntra-toits-climatiques\/#primaryimage\"},\"thumbnailUrl\":\"https:\/\/www.pro4green.be\/wp-content\/uploads\/2024\/10\/AP1GczOUke51nOmxJNqGRMxxyW7_jqcuQtlCtrE7XCHo3aSWb64MmiJ0-_N6mMUgbl7jiqEQ8QrZ85xLC3hSeuxEhguGy2-ScWFTPvXvFPUFqUW-v15Tn_oI7PdH4C-dsfMY1HVqgtxf19MTAsPAV04RLmeRw735-h735-s-no-gm-jpeg.avif\",\"datePublished\":\"2024-10-17T00:00:00+00:00\",\"breadcrumb\":{\"@id\":\"https:\/\/www.pro4green.be\/fr\/pro4green-a-la-table-de-la-cellule-de-pilotage-syntra-toits-climatiques\/#breadcrumb\"},\"inLanguage\":\"fr-FR\",\"potentialAction\":[{\"@type\":\"ReadAction\",\"target\":[\"https:\/\/www.pro4green.be\/fr\/pro4green-a-la-table-de-la-cellule-de-pilotage-syntra-toits-climatiques\/\"]}]},{\"@type\":\"ImageObject\",\"inLanguage\":\"fr-FR\",\"@id\":\"https:\/\/www.pro4green.be\/fr\/pro4green-a-la-table-de-la-cellule-de-pilotage-syntra-toits-climatiques\/#primaryimage\",\"url\":\"https:\/\/www.pro4green.be\/wp-content\/uploads\/2024\/10\/AP1GczOUke51nOmxJNqGRMxxyW7_jqcuQtlCtrE7XCHo3aSWb64MmiJ0-_N6mMUgbl7jiqEQ8QrZ85xLC3hSeuxEhguGy2-ScWFTPvXvFPUFqUW-v15Tn_oI7PdH4C-dsfMY1HVqgtxf19MTAsPAV04RLmeRw735-h735-s-no-gm-jpeg.avif\",\"contentUrl\":\"https:\/\/www.pro4green.be\/wp-content\/uploads\/2024\/10\/AP1GczOUke51nOmxJNqGRMxxyW7_jqcuQtlCtrE7XCHo3aSWb64MmiJ0-_N6mMUgbl7jiqEQ8QrZ85xLC3hSeuxEhguGy2-ScWFTPvXvFPUFqUW-v15Tn_oI7PdH4C-dsfMY1HVqgtxf19MTAsPAV04RLmeRw735-h735-s-no-gm-jpeg.avif\",\"width\":735,\"height\":735},{\"@type\":\"BreadcrumbList\",\"@id\":\"https:\/\/www.pro4green.be\/fr\/pro4green-a-la-table-de-la-cellule-de-pilotage-syntra-toits-climatiques\/#breadcrumb\",\"itemListElement\":[{\"@type\":\"ListItem\",\"position\":1,\"name\":\"Home\",\"item\":\"https:\/\/www.pro4green.be\/fr\/\"},{\"@type\":\"ListItem\",\"position\":2,\"name\":\"Pro4Green \u00e0 la table de la cellule de pilotage SYNTRA, toits climatiques.\"}]},{\"@type\":\"WebSite\",\"@id\":\"https:\/\/www.pro4green.be\/fr\/#website\",\"url\":\"https:\/\/www.pro4green.be\/fr\/\",\"name\":\"Pro4Green\",\"description\":\"Waar professionaliteit en kwaliteit elkaar vinden\",\"publisher\":{\"@id\":\"https:\/\/www.pro4green.be\/fr\/#organization\"},\"potentialAction\":[{\"@type\":\"SearchAction\",\"target\":{\"@type\":\"EntryPoint\",\"urlTemplate\":\"https:\/\/www.pro4green.be\/fr\/?s={search_term_string}\"},\"query-input\":{\"@type\":\"PropertyValueSpecification\",\"valueRequired\":true,\"valueName\":\"search_term_string\"}}],\"inLanguage\":\"fr-FR\"},{\"@type\":\"Organization\",\"@id\":\"https:\/\/www.pro4green.be\/fr\/#organization\",\"name\":\"Pro4Green\",\"url\":\"https:\/\/www.pro4green.be\/fr\/\",\"logo\":{\"@type\":\"ImageObject\",\"inLanguage\":\"fr-FR\",\"@id\":\"https:\/\/www.pro4green.be\/fr\/#\/schema\/logo\/image\/\",\"url\":\"https:\/\/www.pro4green.be\/wp-content\/uploads\/2024\/07\/PRO4GREEN-logo-pos.svg\",\"contentUrl\":\"https:\/\/www.pro4green.be\/wp-content\/uploads\/2024\/07\/PRO4GREEN-logo-pos.svg\",\"width\":500,\"height\":225,\"caption\":\"Pro4Green\"},\"image\":{\"@id\":\"https:\/\/www.pro4green.be\/fr\/#\/schema\/logo\/image\/\"}},{\"@type\":\"Person\",\"@id\":\"https:\/\/www.pro4green.be\/fr\/#\/schema\/person\/98e7de6b96fa129e8923c62fe4fbd729\",\"name\":\"psgadmin\",\"image\":{\"@type\":\"ImageObject\",\"inLanguage\":\"fr-FR\",\"@id\":\"https:\/\/www.pro4green.be\/fr\/#\/schema\/person\/image\/\",\"url\":\"https:\/\/secure.gravatar.com\/avatar\/0210740d1bd5677a6eac9a6ac8981a33855488c8ad739f26519fbc00ccec8c86?s=96&d=mm&r=g\",\"contentUrl\":\"https:\/\/secure.gravatar.com\/avatar\/0210740d1bd5677a6eac9a6ac8981a33855488c8ad739f26519fbc00ccec8c86?s=96&d=mm&r=g\",\"caption\":\"psgadmin\"},\"sameAs\":[\"https:\/\/www.pro4green.be\"]}]}<\/script>\n<!-- \/ Yoast SEO plugin. -->","yoast_head_json":{"title":"Pro4Green \u00e0 la table de la cellule de pilotage SYNTRA, toits climatiques. - Pro4Green","robots":{"index":"index","follow":"follow","max-snippet":"max-snippet:-1","max-image-preview":"max-image-preview:large","max-video-preview":"max-video-preview:-1"},"canonical":"https:\/\/www.pro4green.be\/fr\/pro4green-a-la-table-de-la-cellule-de-pilotage-syntra-toits-climatiques\/","og_locale":"fr_FR","og_type":"article","og_title":"Pro4Green \u00e0 la table de la cellule de pilotage SYNTRA, toits climatiques. - Pro4Green","og_description":"La cellule de pilotage Toits Climatiques de Syntra a \u00e9t\u00e9 cr\u00e9\u00e9e pour identifier et d\u00e9finir les...","og_url":"https:\/\/www.pro4green.be\/fr\/pro4green-a-la-table-de-la-cellule-de-pilotage-syntra-toits-climatiques\/","og_site_name":"Pro4Green","article_published_time":"2024-10-17T00:00:00+00:00","og_image":[{"width":735,"height":735,"url":"https:\/\/www.pro4green.be\/wp-content\/uploads\/2024\/10\/AP1GczOUke51nOmxJNqGRMxxyW7_jqcuQtlCtrE7XCHo3aSWb64MmiJ0-_N6mMUgbl7jiqEQ8QrZ85xLC3hSeuxEhguGy2-ScWFTPvXvFPUFqUW-v15Tn_oI7PdH4C-dsfMY1HVqgtxf19MTAsPAV04RLmeRw735-h735-s-no-gm-jpeg.avif","type":"image\/jpeg"}],"author":"psgadmin","twitter_card":"summary_large_image","schema":{"@context":"https:\/\/schema.org","@graph":[{"@type":"Article","@id":"https:\/\/www.pro4green.be\/fr\/pro4green-a-la-table-de-la-cellule-de-pilotage-syntra-toits-climatiques\/#article","isPartOf":{"@id":"https:\/\/www.pro4green.be\/fr\/pro4green-a-la-table-de-la-cellule-de-pilotage-syntra-toits-climatiques\/"},"author":{"name":"psgadmin","@id":"https:\/\/www.pro4green.be\/fr\/#\/schema\/person\/98e7de6b96fa129e8923c62fe4fbd729"},"headline":"Pro4Green \u00e0 la table de la cellule de pilotage SYNTRA, toits climatiques.","datePublished":"2024-10-17T00:00:00+00:00","mainEntityOfPage":{"@id":"https:\/\/www.pro4green.be\/fr\/pro4green-a-la-table-de-la-cellule-de-pilotage-syntra-toits-climatiques\/"},"wordCount":289,"publisher":{"@id":"https:\/\/www.pro4green.be\/fr\/#organization"},"image":{"@id":"https:\/\/www.pro4green.be\/fr\/pro4green-a-la-table-de-la-cellule-de-pilotage-syntra-toits-climatiques\/#primaryimage"},"thumbnailUrl":"https:\/\/www.pro4green.be\/wp-content\/uploads\/2024\/10\/AP1GczOUke51nOmxJNqGRMxxyW7_jqcuQtlCtrE7XCHo3aSWb64MmiJ0-_N6mMUgbl7jiqEQ8QrZ85xLC3hSeuxEhguGy2-ScWFTPvXvFPUFqUW-v15Tn_oI7PdH4C-dsfMY1HVqgtxf19MTAsPAV04RLmeRw735-h735-s-no-gm-jpeg.avif","articleSection":["Actualit\u00e9s"],"inLanguage":"fr-FR"},{"@type":"WebPage","@id":"https:\/\/www.pro4green.be\/fr\/pro4green-a-la-table-de-la-cellule-de-pilotage-syntra-toits-climatiques\/","url":"https:\/\/www.pro4green.be\/fr\/pro4green-a-la-table-de-la-cellule-de-pilotage-syntra-toits-climatiques\/","name":"Pro4Green \u00e0 la table de la cellule de pilotage SYNTRA, toits climatiques. - Pro4Green","isPartOf":{"@id":"https:\/\/www.pro4green.be\/fr\/#website"},"primaryImageOfPage":{"@id":"https:\/\/www.pro4green.be\/fr\/pro4green-a-la-table-de-la-cellule-de-pilotage-syntra-toits-climatiques\/#primaryimage"},"image":{"@id":"https:\/\/www.pro4green.be\/fr\/pro4green-a-la-table-de-la-cellule-de-pilotage-syntra-toits-climatiques\/#primaryimage"},"thumbnailUrl":"https:\/\/www.pro4green.be\/wp-content\/uploads\/2024\/10\/AP1GczOUke51nOmxJNqGRMxxyW7_jqcuQtlCtrE7XCHo3aSWb64MmiJ0-_N6mMUgbl7jiqEQ8QrZ85xLC3hSeuxEhguGy2-ScWFTPvXvFPUFqUW-v15Tn_oI7PdH4C-dsfMY1HVqgtxf19MTAsPAV04RLmeRw735-h735-s-no-gm-jpeg.avif","datePublished":"2024-10-17T00:00:00+00:00","breadcrumb":{"@id":"https:\/\/www.pro4green.be\/fr\/pro4green-a-la-table-de-la-cellule-de-pilotage-syntra-toits-climatiques\/#breadcrumb"},"inLanguage":"fr-FR","potentialAction":[{"@type":"ReadAction","target":["https:\/\/www.pro4green.be\/fr\/pro4green-a-la-table-de-la-cellule-de-pilotage-syntra-toits-climatiques\/"]}]},{"@type":"ImageObject","inLanguage":"fr-FR","@id":"https:\/\/www.pro4green.be\/fr\/pro4green-a-la-table-de-la-cellule-de-pilotage-syntra-toits-climatiques\/#primaryimage","url":"https:\/\/www.pro4green.be\/wp-content\/uploads\/2024\/10\/AP1GczOUke51nOmxJNqGRMxxyW7_jqcuQtlCtrE7XCHo3aSWb64MmiJ0-_N6mMUgbl7jiqEQ8QrZ85xLC3hSeuxEhguGy2-ScWFTPvXvFPUFqUW-v15Tn_oI7PdH4C-dsfMY1HVqgtxf19MTAsPAV04RLmeRw735-h735-s-no-gm-jpeg.avif","contentUrl":"https:\/\/www.pro4green.be\/wp-content\/uploads\/2024\/10\/AP1GczOUke51nOmxJNqGRMxxyW7_jqcuQtlCtrE7XCHo3aSWb64MmiJ0-_N6mMUgbl7jiqEQ8QrZ85xLC3hSeuxEhguGy2-ScWFTPvXvFPUFqUW-v15Tn_oI7PdH4C-dsfMY1HVqgtxf19MTAsPAV04RLmeRw735-h735-s-no-gm-jpeg.avif","width":735,"height":735},{"@type":"BreadcrumbList","@id":"https:\/\/www.pro4green.be\/fr\/pro4green-a-la-table-de-la-cellule-de-pilotage-syntra-toits-climatiques\/#breadcrumb","itemListElement":[{"@type":"ListItem","position":1,"name":"Home","item":"https:\/\/www.pro4green.be\/fr\/"},{"@type":"ListItem","position":2,"name":"Pro4Green \u00e0 la table de la cellule de pilotage SYNTRA, toits climatiques."}]},{"@type":"WebSite","@id":"https:\/\/www.pro4green.be\/fr\/#website","url":"https:\/\/www.pro4green.be\/fr\/","name":"Pro4Green","description":"Waar professionaliteit en kwaliteit elkaar vinden","publisher":{"@id":"https:\/\/www.pro4green.be\/fr\/#organization"},"potentialAction":[{"@type":"SearchAction","target":{"@type":"EntryPoint","urlTemplate":"https:\/\/www.pro4green.be\/fr\/?s={search_term_string}"},"query-input":{"@type":"PropertyValueSpecification","valueRequired":true,"valueName":"search_term_string"}}],"inLanguage":"fr-FR"},{"@type":"Organization","@id":"https:\/\/www.pro4green.be\/fr\/#organization","name":"Pro4Green","url":"https:\/\/www.pro4green.be\/fr\/","logo":{"@type":"ImageObject","inLanguage":"fr-FR","@id":"https:\/\/www.pro4green.be\/fr\/#\/schema\/logo\/image\/","url":"https:\/\/www.pro4green.be\/wp-content\/uploads\/2024\/07\/PRO4GREEN-logo-pos.svg","contentUrl":"https:\/\/www.pro4green.be\/wp-content\/uploads\/2024\/07\/PRO4GREEN-logo-pos.svg","width":500,"height":225,"caption":"Pro4Green"},"image":{"@id":"https:\/\/www.pro4green.be\/fr\/#\/schema\/logo\/image\/"}},{"@type":"Person","@id":"https:\/\/www.pro4green.be\/fr\/#\/schema\/person\/98e7de6b96fa129e8923c62fe4fbd729","name":"psgadmin","image":{"@type":"ImageObject","inLanguage":"fr-FR","@id":"https:\/\/www.pro4green.be\/fr\/#\/schema\/person\/image\/","url":"https:\/\/secure.gravatar.com\/avatar\/0210740d1bd5677a6eac9a6ac8981a33855488c8ad739f26519fbc00ccec8c86?s=96&d=mm&r=g","contentUrl":"https:\/\/secure.gravatar.com\/avatar\/0210740d1bd5677a6eac9a6ac8981a33855488c8ad739f26519fbc00ccec8c86?s=96&d=mm&r=g","caption":"psgadmin"},"sameAs":["https:\/\/www.pro4green.be"]}]}},"_links":{"self":[{"href":"https:\/\/www.pro4green.be\/fr\/wp-json\/wp\/v2\/posts\/27467","targetHints":{"allow":["GET"]}}],"collection":[{"href":"https:\/\/www.pro4green.be\/fr\/wp-json\/wp\/v2\/posts"}],"about":[{"href":"https:\/\/www.pro4green.be\/fr\/wp-json\/wp\/v2\/types\/post"}],"author":[{"embeddable":true,"href":"https:\/\/www.pro4green.be\/fr\/wp-json\/wp\/v2\/users\/1"}],"replies":[{"embeddable":true,"href":"https:\/\/www.pro4green.be\/fr\/wp-json\/wp\/v2\/comments?post=27467"}],"version-history":[{"count":0,"href":"https:\/\/www.pro4green.be\/fr\/wp-json\/wp\/v2\/posts\/27467\/revisions"}],"wp:featuredmedia":[{"embeddable":true,"href":"https:\/\/www.pro4green.be\/fr\/wp-json\/wp\/v2\/media\/27461"}],"wp:attachment":[{"href":"https:\/\/www.pro4green.be\/fr\/wp-json\/wp\/v2\/media?parent=27467"}],"wp:term":[{"taxonomy":"category","embeddable":true,"href":"https:\/\/www.pro4green.be\/fr\/wp-json\/wp\/v2\/categories?post=27467"},{"taxonomy":"post_tag","embeddable":true,"href":"https:\/\/www.pro4green.be\/fr\/wp-json\/wp\/v2\/tags?post=27467"},{"taxonomy":"association","embeddable":true,"href":"https:\/\/www.pro4green.be\/fr\/wp-json\/wp\/v2\/association?post=27467"}],"curies":[{"name":"wp","href":"https:\/\/api.w.org\/{rel}","templated":true}]}}