{"id":27824,"date":"2024-12-14T00:00:00","date_gmt":"2024-12-13T23:00:00","guid":{"rendered":"https:\/\/www.pro4green.be\/table-ronde-pro4green-plus-quune-rencontre-interactive-entre-les-laureats-des-startechs-days-2024-jerome-et-thomas-et-les-eleves-de-lith-gembloux\/"},"modified":"2024-12-14T00:00:00","modified_gmt":"2024-12-13T23:00:00","slug":"table-ronde-pro4green-plus-quune-rencontre-interactive-entre-les-laureats-des-startechs-days-2024-jerome-et-thomas-et-les-eleves-de-lith-gembloux","status":"publish","type":"post","link":"https:\/\/www.pro4green.be\/fr\/table-ronde-pro4green-plus-quune-rencontre-interactive-entre-les-laureats-des-startechs-days-2024-jerome-et-thomas-et-les-eleves-de-lith-gembloux\/","title":{"rendered":"Table ronde Pro4Green, plus qu\u2019une rencontre interactive entre les laur\u00e9ats des Startech\u2019s Days 2024, J\u00e9rome et Thomas, et les \u00e9l\u00e8ves de l\u2019ITH Gembloux"},"content":{"rendered":"<p>Pro4Green, la f\u00e9d\u00e9ration des professionnels et futurs entrepreneurs du paysage, a organis\u00e9 une rencontre entre les laur\u00e9ats du concours Startech\u2019s, issus de l\u2019ITH Gembloux, et les \u00e9l\u00e8ves de derni\u00e8re ann\u00e9e de la m\u00eame \u00e9cole. Cette matin\u00e9e a permis des \u00e9changes sur les d\u00e9fis et ambitions des futurs jardiniers-paysagistes. Les laur\u00e9ats, Thomas et J\u00e9r\u00f4me, ont partag\u00e9 leur exp\u00e9rience en distinguant les \u00e9valuations du concours Startech\u2019s, ax\u00e9 sur le r\u00e9sultat final, et celles du \u00ab Meilleur Jeune Jardinier \u00bb, qui valorise une approche globale incluant collaboration, s\u00e9curit\u00e9 et cr\u00e9ativit\u00e9.<\/p>\n<p>Lors de la table ronde, la majorit\u00e9 des \u00e9l\u00e8ves a exprim\u00e9 le souhait de devenir ind\u00e9pendants apr\u00e8s leurs \u00e9tudes. Cependant, Pro4Green et les laur\u00e9ats ont conseill\u00e9 de d\u00e9buter en tant que salari\u00e9s pour acqu\u00e9rir une solide exp\u00e9rience pratique avant de se lancer dans l\u2019entrepreneuriat. Trois enjeux majeurs ont \u00e9t\u00e9 identifi\u00e9s : le manque de compr\u00e9hension financi\u00e8re, la n\u00e9cessit\u00e9 d\u2019une formation continue, et une sous-\u00e9valuation des tarifs par les jeunes ind\u00e9pendants, souvent confront\u00e9s \u00e0 des d\u00e9fis li\u00e9s \u00e0 la \u00ab fausse ind\u00e9pendance \u00bb.<\/p>\n<p>Malgr\u00e9 ces obstacles, le m\u00e9tier de jardinier-paysagiste offre de nombreuses opportunit\u00e9s, tant pour les salari\u00e9s que pour les ind\u00e9pendants, notamment dans des niches comme l\u2019am\u00e9nagement \u00e9cologique. Pro4Green a soulign\u00e9 l\u2019importance de la formation, de l\u2019adaptation au march\u00e9 et de la valorisation des comp\u00e9tences, essentielles dans un secteur en pleine expansion. L\u2019\u00e9v\u00e9nement s\u2019est conclu sur une note positive avec des abonnements gratuits offerts aux participants, symbolisant le soutien de Pro4Green aux jeunes talents.<\/p>\n<p>\u00a9 Dominique Latteur<br \/><a href=\"https:\/\/www.bfg-fbep.be\/fiche\/?fiche=6414&#038;nr=1595c4fa6f7a4494dd1cb0f73197117a\" target=\"_blank\">Dur\u00e9e de lecture<\/a>\u00a0<i class=\"far fa-clock\"><\/i> 5&#8243;<\/p>\n","protected":false},"excerpt":{"rendered":"<p>Pro4Green, la f\u00e9d\u00e9ration des professionnels et futurs entrepreneurs du paysage, a&#8230;<\/p>\n","protected":false},"author":27,"featured_media":27758,"comment_status":"closed","ping_status":"closed","sticky":false,"template":"","format":"standard","meta":{"_acf_changed":false,"inline_featured_image":false,"footnotes":""},"categories":[265],"tags":[],"association":[277],"class_list":["post-27824","post","type-post","status-publish","format-standard","has-post-thumbnail","hentry","category-actualites","association-pro4green-fr"],"acf":[],"yoast_head":"<!-- This site is optimized with the Yoast SEO plugin v27.1.1 - https:\/\/yoast.com\/product\/yoast-seo-wordpress\/ -->\n<title>Table ronde Pro4Green, plus qu\u2019une rencontre interactive entre les laur\u00e9ats des Startech\u2019s Days 2024, J\u00e9rome et Thomas, et les \u00e9l\u00e8ves de l\u2019ITH Gembloux - Pro4Green<\/title>\n<meta name=\"robots\" content=\"index, follow, max-snippet:-1, max-image-preview:large, max-video-preview:-1\" \/>\n<link rel=\"canonical\" href=\"https:\/\/www.pro4green.be\/fr\/table-ronde-pro4green-plus-quune-rencontre-interactive-entre-les-laureats-des-startechs-days-2024-jerome-et-thomas-et-les-eleves-de-lith-gembloux\/\" \/>\n<meta property=\"og:locale\" content=\"fr_FR\" \/>\n<meta property=\"og:type\" content=\"article\" \/>\n<meta property=\"og:title\" content=\"Table ronde Pro4Green, plus qu\u2019une rencontre interactive entre les laur\u00e9ats des Startech\u2019s Days 2024, J\u00e9rome et Thomas, et les \u00e9l\u00e8ves de l\u2019ITH Gembloux - Pro4Green\" \/>\n<meta property=\"og:description\" content=\"Pro4Green, la f\u00e9d\u00e9ration des professionnels et futurs entrepreneurs du paysage, a...\" \/>\n<meta property=\"og:url\" content=\"https:\/\/www.pro4green.be\/fr\/table-ronde-pro4green-plus-quune-rencontre-interactive-entre-les-laureats-des-startechs-days-2024-jerome-et-thomas-et-les-eleves-de-lith-gembloux\/\" \/>\n<meta property=\"og:site_name\" content=\"Pro4Green\" \/>\n<meta property=\"article:published_time\" content=\"2024-12-13T23:00:00+00:00\" \/>\n<meta property=\"og:image\" content=\"https:\/\/www.pro4green.be\/wp-content\/uploads\/2024\/12\/AP1GczOLzMTEKp4Jg9-y8QyYRuYpDFatCBqLqhbtDqD5MAsDngKPob95CGMk192eOUpfScIOYJU6H8L0ghC4v8292Z-1GvooqKqUuftK9WEzoResx8UqPH8pcm2XBaX9nc5npwZwRAICcjrWmJp_a_QOsZvbw1031-h773-s-no-gm.avif\" \/>\n\t<meta property=\"og:image:width\" content=\"1031\" \/>\n\t<meta property=\"og:image:height\" content=\"773\" \/>\n\t<meta property=\"og:image:type\" content=\"image\/jpeg\" \/>\n<meta name=\"author\" content=\"Pro4Green Hoofdkantoor\" \/>\n<meta name=\"twitter:card\" content=\"summary_large_image\" \/>\n<script type=\"application\/ld+json\" class=\"yoast-schema-graph\">{\"@context\":\"https:\/\/schema.org\",\"@graph\":[{\"@type\":\"Article\",\"@id\":\"https:\/\/www.pro4green.be\/fr\/table-ronde-pro4green-plus-quune-rencontre-interactive-entre-les-laureats-des-startechs-days-2024-jerome-et-thomas-et-les-eleves-de-lith-gembloux\/#article\",\"isPartOf\":{\"@id\":\"https:\/\/www.pro4green.be\/fr\/table-ronde-pro4green-plus-quune-rencontre-interactive-entre-les-laureats-des-startechs-days-2024-jerome-et-thomas-et-les-eleves-de-lith-gembloux\/\"},\"author\":{\"name\":\"Pro4Green Hoofdkantoor\",\"@id\":\"https:\/\/www.pro4green.be\/fr\/#\/schema\/person\/3705245cb0f8605a68c3dcb7adcc358f\"},\"headline\":\"Table ronde Pro4Green, plus qu\u2019une rencontre interactive entre les laur\u00e9ats des Startech\u2019s Days 2024, J\u00e9rome et Thomas, et les \u00e9l\u00e8ves de l\u2019ITH Gembloux\",\"datePublished\":\"2024-12-13T23:00:00+00:00\",\"mainEntityOfPage\":{\"@id\":\"https:\/\/www.pro4green.be\/fr\/table-ronde-pro4green-plus-quune-rencontre-interactive-entre-les-laureats-des-startechs-days-2024-jerome-et-thomas-et-les-eleves-de-lith-gembloux\/\"},\"wordCount\":324,\"publisher\":{\"@id\":\"https:\/\/www.pro4green.be\/fr\/#organization\"},\"image\":{\"@id\":\"https:\/\/www.pro4green.be\/fr\/table-ronde-pro4green-plus-quune-rencontre-interactive-entre-les-laureats-des-startechs-days-2024-jerome-et-thomas-et-les-eleves-de-lith-gembloux\/#primaryimage\"},\"thumbnailUrl\":\"https:\/\/www.pro4green.be\/wp-content\/uploads\/2024\/12\/AP1GczOLzMTEKp4Jg9-y8QyYRuYpDFatCBqLqhbtDqD5MAsDngKPob95CGMk192eOUpfScIOYJU6H8L0ghC4v8292Z-1GvooqKqUuftK9WEzoResx8UqPH8pcm2XBaX9nc5npwZwRAICcjrWmJp_a_QOsZvbw1031-h773-s-no-gm.avif\",\"articleSection\":[\"Actualit\u00e9s\"],\"inLanguage\":\"fr-FR\"},{\"@type\":\"WebPage\",\"@id\":\"https:\/\/www.pro4green.be\/fr\/table-ronde-pro4green-plus-quune-rencontre-interactive-entre-les-laureats-des-startechs-days-2024-jerome-et-thomas-et-les-eleves-de-lith-gembloux\/\",\"url\":\"https:\/\/www.pro4green.be\/fr\/table-ronde-pro4green-plus-quune-rencontre-interactive-entre-les-laureats-des-startechs-days-2024-jerome-et-thomas-et-les-eleves-de-lith-gembloux\/\",\"name\":\"Table ronde Pro4Green, plus qu\u2019une rencontre interactive entre les laur\u00e9ats des Startech\u2019s Days 2024, J\u00e9rome et Thomas, et les \u00e9l\u00e8ves de l\u2019ITH Gembloux - Pro4Green\",\"isPartOf\":{\"@id\":\"https:\/\/www.pro4green.be\/fr\/#website\"},\"primaryImageOfPage\":{\"@id\":\"https:\/\/www.pro4green.be\/fr\/table-ronde-pro4green-plus-quune-rencontre-interactive-entre-les-laureats-des-startechs-days-2024-jerome-et-thomas-et-les-eleves-de-lith-gembloux\/#primaryimage\"},\"image\":{\"@id\":\"https:\/\/www.pro4green.be\/fr\/table-ronde-pro4green-plus-quune-rencontre-interactive-entre-les-laureats-des-startechs-days-2024-jerome-et-thomas-et-les-eleves-de-lith-gembloux\/#primaryimage\"},\"thumbnailUrl\":\"https:\/\/www.pro4green.be\/wp-content\/uploads\/2024\/12\/AP1GczOLzMTEKp4Jg9-y8QyYRuYpDFatCBqLqhbtDqD5MAsDngKPob95CGMk192eOUpfScIOYJU6H8L0ghC4v8292Z-1GvooqKqUuftK9WEzoResx8UqPH8pcm2XBaX9nc5npwZwRAICcjrWmJp_a_QOsZvbw1031-h773-s-no-gm.avif\",\"datePublished\":\"2024-12-13T23:00:00+00:00\",\"breadcrumb\":{\"@id\":\"https:\/\/www.pro4green.be\/fr\/table-ronde-pro4green-plus-quune-rencontre-interactive-entre-les-laureats-des-startechs-days-2024-jerome-et-thomas-et-les-eleves-de-lith-gembloux\/#breadcrumb\"},\"inLanguage\":\"fr-FR\",\"potentialAction\":[{\"@type\":\"ReadAction\",\"target\":[\"https:\/\/www.pro4green.be\/fr\/table-ronde-pro4green-plus-quune-rencontre-interactive-entre-les-laureats-des-startechs-days-2024-jerome-et-thomas-et-les-eleves-de-lith-gembloux\/\"]}]},{\"@type\":\"ImageObject\",\"inLanguage\":\"fr-FR\",\"@id\":\"https:\/\/www.pro4green.be\/fr\/table-ronde-pro4green-plus-quune-rencontre-interactive-entre-les-laureats-des-startechs-days-2024-jerome-et-thomas-et-les-eleves-de-lith-gembloux\/#primaryimage\",\"url\":\"https:\/\/www.pro4green.be\/wp-content\/uploads\/2024\/12\/AP1GczOLzMTEKp4Jg9-y8QyYRuYpDFatCBqLqhbtDqD5MAsDngKPob95CGMk192eOUpfScIOYJU6H8L0ghC4v8292Z-1GvooqKqUuftK9WEzoResx8UqPH8pcm2XBaX9nc5npwZwRAICcjrWmJp_a_QOsZvbw1031-h773-s-no-gm.avif\",\"contentUrl\":\"https:\/\/www.pro4green.be\/wp-content\/uploads\/2024\/12\/AP1GczOLzMTEKp4Jg9-y8QyYRuYpDFatCBqLqhbtDqD5MAsDngKPob95CGMk192eOUpfScIOYJU6H8L0ghC4v8292Z-1GvooqKqUuftK9WEzoResx8UqPH8pcm2XBaX9nc5npwZwRAICcjrWmJp_a_QOsZvbw1031-h773-s-no-gm.avif\",\"width\":1031,\"height\":773},{\"@type\":\"BreadcrumbList\",\"@id\":\"https:\/\/www.pro4green.be\/fr\/table-ronde-pro4green-plus-quune-rencontre-interactive-entre-les-laureats-des-startechs-days-2024-jerome-et-thomas-et-les-eleves-de-lith-gembloux\/#breadcrumb\",\"itemListElement\":[{\"@type\":\"ListItem\",\"position\":1,\"name\":\"Home\",\"item\":\"https:\/\/www.pro4green.be\/fr\/\"},{\"@type\":\"ListItem\",\"position\":2,\"name\":\"Table ronde Pro4Green, plus qu\u2019une rencontre interactive entre les laur\u00e9ats des Startech\u2019s Days 2024, J\u00e9rome et Thomas, et les \u00e9l\u00e8ves de l\u2019ITH Gembloux\"}]},{\"@type\":\"WebSite\",\"@id\":\"https:\/\/www.pro4green.be\/fr\/#website\",\"url\":\"https:\/\/www.pro4green.be\/fr\/\",\"name\":\"Pro4Green\",\"description\":\"Waar professionaliteit en kwaliteit elkaar vinden\",\"publisher\":{\"@id\":\"https:\/\/www.pro4green.be\/fr\/#organization\"},\"potentialAction\":[{\"@type\":\"SearchAction\",\"target\":{\"@type\":\"EntryPoint\",\"urlTemplate\":\"https:\/\/www.pro4green.be\/fr\/?s={search_term_string}\"},\"query-input\":{\"@type\":\"PropertyValueSpecification\",\"valueRequired\":true,\"valueName\":\"search_term_string\"}}],\"inLanguage\":\"fr-FR\"},{\"@type\":\"Organization\",\"@id\":\"https:\/\/www.pro4green.be\/fr\/#organization\",\"name\":\"Pro4Green\",\"url\":\"https:\/\/www.pro4green.be\/fr\/\",\"logo\":{\"@type\":\"ImageObject\",\"inLanguage\":\"fr-FR\",\"@id\":\"https:\/\/www.pro4green.be\/fr\/#\/schema\/logo\/image\/\",\"url\":\"https:\/\/www.pro4green.be\/wp-content\/uploads\/2024\/07\/PRO4GREEN-logo-pos.svg\",\"contentUrl\":\"https:\/\/www.pro4green.be\/wp-content\/uploads\/2024\/07\/PRO4GREEN-logo-pos.svg\",\"width\":500,\"height\":225,\"caption\":\"Pro4Green\"},\"image\":{\"@id\":\"https:\/\/www.pro4green.be\/fr\/#\/schema\/logo\/image\/\"}},{\"@type\":\"Person\",\"@id\":\"https:\/\/www.pro4green.be\/fr\/#\/schema\/person\/3705245cb0f8605a68c3dcb7adcc358f\",\"name\":\"Pro4Green Hoofdkantoor\",\"image\":{\"@type\":\"ImageObject\",\"inLanguage\":\"fr-FR\",\"@id\":\"https:\/\/www.pro4green.be\/fr\/#\/schema\/person\/image\/\",\"url\":\"https:\/\/secure.gravatar.com\/avatar\/20a1f1347ee60d6016a5f0baa79368a97d1b62eeae0e0d970db928e1368428dd?s=96&d=mm&r=g\",\"contentUrl\":\"https:\/\/secure.gravatar.com\/avatar\/20a1f1347ee60d6016a5f0baa79368a97d1b62eeae0e0d970db928e1368428dd?s=96&d=mm&r=g\",\"caption\":\"Pro4Green Hoofdkantoor\"}}]}<\/script>\n<!-- \/ Yoast SEO plugin. -->","yoast_head_json":{"title":"Table ronde Pro4Green, plus qu\u2019une rencontre interactive entre les laur\u00e9ats des Startech\u2019s Days 2024, J\u00e9rome et Thomas, et les \u00e9l\u00e8ves de l\u2019ITH Gembloux - Pro4Green","robots":{"index":"index","follow":"follow","max-snippet":"max-snippet:-1","max-image-preview":"max-image-preview:large","max-video-preview":"max-video-preview:-1"},"canonical":"https:\/\/www.pro4green.be\/fr\/table-ronde-pro4green-plus-quune-rencontre-interactive-entre-les-laureats-des-startechs-days-2024-jerome-et-thomas-et-les-eleves-de-lith-gembloux\/","og_locale":"fr_FR","og_type":"article","og_title":"Table ronde Pro4Green, plus qu\u2019une rencontre interactive entre les laur\u00e9ats des Startech\u2019s Days 2024, J\u00e9rome et Thomas, et les \u00e9l\u00e8ves de l\u2019ITH Gembloux - Pro4Green","og_description":"Pro4Green, la f\u00e9d\u00e9ration des professionnels et futurs entrepreneurs du paysage, a...","og_url":"https:\/\/www.pro4green.be\/fr\/table-ronde-pro4green-plus-quune-rencontre-interactive-entre-les-laureats-des-startechs-days-2024-jerome-et-thomas-et-les-eleves-de-lith-gembloux\/","og_site_name":"Pro4Green","article_published_time":"2024-12-13T23:00:00+00:00","og_image":[{"width":1031,"height":773,"url":"https:\/\/www.pro4green.be\/wp-content\/uploads\/2024\/12\/AP1GczOLzMTEKp4Jg9-y8QyYRuYpDFatCBqLqhbtDqD5MAsDngKPob95CGMk192eOUpfScIOYJU6H8L0ghC4v8292Z-1GvooqKqUuftK9WEzoResx8UqPH8pcm2XBaX9nc5npwZwRAICcjrWmJp_a_QOsZvbw1031-h773-s-no-gm.avif","type":"image\/jpeg"}],"author":"Pro4Green Hoofdkantoor","twitter_card":"summary_large_image","schema":{"@context":"https:\/\/schema.org","@graph":[{"@type":"Article","@id":"https:\/\/www.pro4green.be\/fr\/table-ronde-pro4green-plus-quune-rencontre-interactive-entre-les-laureats-des-startechs-days-2024-jerome-et-thomas-et-les-eleves-de-lith-gembloux\/#article","isPartOf":{"@id":"https:\/\/www.pro4green.be\/fr\/table-ronde-pro4green-plus-quune-rencontre-interactive-entre-les-laureats-des-startechs-days-2024-jerome-et-thomas-et-les-eleves-de-lith-gembloux\/"},"author":{"name":"Pro4Green Hoofdkantoor","@id":"https:\/\/www.pro4green.be\/fr\/#\/schema\/person\/3705245cb0f8605a68c3dcb7adcc358f"},"headline":"Table ronde Pro4Green, plus qu\u2019une rencontre interactive entre les laur\u00e9ats des Startech\u2019s Days 2024, J\u00e9rome et Thomas, et les \u00e9l\u00e8ves de l\u2019ITH Gembloux","datePublished":"2024-12-13T23:00:00+00:00","mainEntityOfPage":{"@id":"https:\/\/www.pro4green.be\/fr\/table-ronde-pro4green-plus-quune-rencontre-interactive-entre-les-laureats-des-startechs-days-2024-jerome-et-thomas-et-les-eleves-de-lith-gembloux\/"},"wordCount":324,"publisher":{"@id":"https:\/\/www.pro4green.be\/fr\/#organization"},"image":{"@id":"https:\/\/www.pro4green.be\/fr\/table-ronde-pro4green-plus-quune-rencontre-interactive-entre-les-laureats-des-startechs-days-2024-jerome-et-thomas-et-les-eleves-de-lith-gembloux\/#primaryimage"},"thumbnailUrl":"https:\/\/www.pro4green.be\/wp-content\/uploads\/2024\/12\/AP1GczOLzMTEKp4Jg9-y8QyYRuYpDFatCBqLqhbtDqD5MAsDngKPob95CGMk192eOUpfScIOYJU6H8L0ghC4v8292Z-1GvooqKqUuftK9WEzoResx8UqPH8pcm2XBaX9nc5npwZwRAICcjrWmJp_a_QOsZvbw1031-h773-s-no-gm.avif","articleSection":["Actualit\u00e9s"],"inLanguage":"fr-FR"},{"@type":"WebPage","@id":"https:\/\/www.pro4green.be\/fr\/table-ronde-pro4green-plus-quune-rencontre-interactive-entre-les-laureats-des-startechs-days-2024-jerome-et-thomas-et-les-eleves-de-lith-gembloux\/","url":"https:\/\/www.pro4green.be\/fr\/table-ronde-pro4green-plus-quune-rencontre-interactive-entre-les-laureats-des-startechs-days-2024-jerome-et-thomas-et-les-eleves-de-lith-gembloux\/","name":"Table ronde Pro4Green, plus qu\u2019une rencontre interactive entre les laur\u00e9ats des Startech\u2019s Days 2024, J\u00e9rome et Thomas, et les \u00e9l\u00e8ves de l\u2019ITH Gembloux - Pro4Green","isPartOf":{"@id":"https:\/\/www.pro4green.be\/fr\/#website"},"primaryImageOfPage":{"@id":"https:\/\/www.pro4green.be\/fr\/table-ronde-pro4green-plus-quune-rencontre-interactive-entre-les-laureats-des-startechs-days-2024-jerome-et-thomas-et-les-eleves-de-lith-gembloux\/#primaryimage"},"image":{"@id":"https:\/\/www.pro4green.be\/fr\/table-ronde-pro4green-plus-quune-rencontre-interactive-entre-les-laureats-des-startechs-days-2024-jerome-et-thomas-et-les-eleves-de-lith-gembloux\/#primaryimage"},"thumbnailUrl":"https:\/\/www.pro4green.be\/wp-content\/uploads\/2024\/12\/AP1GczOLzMTEKp4Jg9-y8QyYRuYpDFatCBqLqhbtDqD5MAsDngKPob95CGMk192eOUpfScIOYJU6H8L0ghC4v8292Z-1GvooqKqUuftK9WEzoResx8UqPH8pcm2XBaX9nc5npwZwRAICcjrWmJp_a_QOsZvbw1031-h773-s-no-gm.avif","datePublished":"2024-12-13T23:00:00+00:00","breadcrumb":{"@id":"https:\/\/www.pro4green.be\/fr\/table-ronde-pro4green-plus-quune-rencontre-interactive-entre-les-laureats-des-startechs-days-2024-jerome-et-thomas-et-les-eleves-de-lith-gembloux\/#breadcrumb"},"inLanguage":"fr-FR","potentialAction":[{"@type":"ReadAction","target":["https:\/\/www.pro4green.be\/fr\/table-ronde-pro4green-plus-quune-rencontre-interactive-entre-les-laureats-des-startechs-days-2024-jerome-et-thomas-et-les-eleves-de-lith-gembloux\/"]}]},{"@type":"ImageObject","inLanguage":"fr-FR","@id":"https:\/\/www.pro4green.be\/fr\/table-ronde-pro4green-plus-quune-rencontre-interactive-entre-les-laureats-des-startechs-days-2024-jerome-et-thomas-et-les-eleves-de-lith-gembloux\/#primaryimage","url":"https:\/\/www.pro4green.be\/wp-content\/uploads\/2024\/12\/AP1GczOLzMTEKp4Jg9-y8QyYRuYpDFatCBqLqhbtDqD5MAsDngKPob95CGMk192eOUpfScIOYJU6H8L0ghC4v8292Z-1GvooqKqUuftK9WEzoResx8UqPH8pcm2XBaX9nc5npwZwRAICcjrWmJp_a_QOsZvbw1031-h773-s-no-gm.avif","contentUrl":"https:\/\/www.pro4green.be\/wp-content\/uploads\/2024\/12\/AP1GczOLzMTEKp4Jg9-y8QyYRuYpDFatCBqLqhbtDqD5MAsDngKPob95CGMk192eOUpfScIOYJU6H8L0ghC4v8292Z-1GvooqKqUuftK9WEzoResx8UqPH8pcm2XBaX9nc5npwZwRAICcjrWmJp_a_QOsZvbw1031-h773-s-no-gm.avif","width":1031,"height":773},{"@type":"BreadcrumbList","@id":"https:\/\/www.pro4green.be\/fr\/table-ronde-pro4green-plus-quune-rencontre-interactive-entre-les-laureats-des-startechs-days-2024-jerome-et-thomas-et-les-eleves-de-lith-gembloux\/#breadcrumb","itemListElement":[{"@type":"ListItem","position":1,"name":"Home","item":"https:\/\/www.pro4green.be\/fr\/"},{"@type":"ListItem","position":2,"name":"Table ronde Pro4Green, plus qu\u2019une rencontre interactive entre les laur\u00e9ats des Startech\u2019s Days 2024, J\u00e9rome et Thomas, et les \u00e9l\u00e8ves de l\u2019ITH Gembloux"}]},{"@type":"WebSite","@id":"https:\/\/www.pro4green.be\/fr\/#website","url":"https:\/\/www.pro4green.be\/fr\/","name":"Pro4Green","description":"Waar professionaliteit en kwaliteit elkaar vinden","publisher":{"@id":"https:\/\/www.pro4green.be\/fr\/#organization"},"potentialAction":[{"@type":"SearchAction","target":{"@type":"EntryPoint","urlTemplate":"https:\/\/www.pro4green.be\/fr\/?s={search_term_string}"},"query-input":{"@type":"PropertyValueSpecification","valueRequired":true,"valueName":"search_term_string"}}],"inLanguage":"fr-FR"},{"@type":"Organization","@id":"https:\/\/www.pro4green.be\/fr\/#organization","name":"Pro4Green","url":"https:\/\/www.pro4green.be\/fr\/","logo":{"@type":"ImageObject","inLanguage":"fr-FR","@id":"https:\/\/www.pro4green.be\/fr\/#\/schema\/logo\/image\/","url":"https:\/\/www.pro4green.be\/wp-content\/uploads\/2024\/07\/PRO4GREEN-logo-pos.svg","contentUrl":"https:\/\/www.pro4green.be\/wp-content\/uploads\/2024\/07\/PRO4GREEN-logo-pos.svg","width":500,"height":225,"caption":"Pro4Green"},"image":{"@id":"https:\/\/www.pro4green.be\/fr\/#\/schema\/logo\/image\/"}},{"@type":"Person","@id":"https:\/\/www.pro4green.be\/fr\/#\/schema\/person\/3705245cb0f8605a68c3dcb7adcc358f","name":"Pro4Green Hoofdkantoor","image":{"@type":"ImageObject","inLanguage":"fr-FR","@id":"https:\/\/www.pro4green.be\/fr\/#\/schema\/person\/image\/","url":"https:\/\/secure.gravatar.com\/avatar\/20a1f1347ee60d6016a5f0baa79368a97d1b62eeae0e0d970db928e1368428dd?s=96&d=mm&r=g","contentUrl":"https:\/\/secure.gravatar.com\/avatar\/20a1f1347ee60d6016a5f0baa79368a97d1b62eeae0e0d970db928e1368428dd?s=96&d=mm&r=g","caption":"Pro4Green Hoofdkantoor"}}]}},"_links":{"self":[{"href":"https:\/\/www.pro4green.be\/fr\/wp-json\/wp\/v2\/posts\/27824","targetHints":{"allow":["GET"]}}],"collection":[{"href":"https:\/\/www.pro4green.be\/fr\/wp-json\/wp\/v2\/posts"}],"about":[{"href":"https:\/\/www.pro4green.be\/fr\/wp-json\/wp\/v2\/types\/post"}],"author":[{"embeddable":true,"href":"https:\/\/www.pro4green.be\/fr\/wp-json\/wp\/v2\/users\/27"}],"replies":[{"embeddable":true,"href":"https:\/\/www.pro4green.be\/fr\/wp-json\/wp\/v2\/comments?post=27824"}],"version-history":[{"count":0,"href":"https:\/\/www.pro4green.be\/fr\/wp-json\/wp\/v2\/posts\/27824\/revisions"}],"wp:featuredmedia":[{"embeddable":true,"href":"https:\/\/www.pro4green.be\/fr\/wp-json\/wp\/v2\/media\/27758"}],"wp:attachment":[{"href":"https:\/\/www.pro4green.be\/fr\/wp-json\/wp\/v2\/media?parent=27824"}],"wp:term":[{"taxonomy":"category","embeddable":true,"href":"https:\/\/www.pro4green.be\/fr\/wp-json\/wp\/v2\/categories?post=27824"},{"taxonomy":"post_tag","embeddable":true,"href":"https:\/\/www.pro4green.be\/fr\/wp-json\/wp\/v2\/tags?post=27824"},{"taxonomy":"association","embeddable":true,"href":"https:\/\/www.pro4green.be\/fr\/wp-json\/wp\/v2\/association?post=27824"}],"curies":[{"name":"wp","href":"https:\/\/api.w.org\/{rel}","templated":true}]}}