{"id":28389,"date":"2025-01-13T00:00:00","date_gmt":"2025-01-12T23:00:00","guid":{"rendered":"https:\/\/www.pro4green.be\/concernant-le-statut-de-pme-et-micro-entreprise-le-principe-de-report-dapplication-a-nouveau-en-vigueur-a-partir-de-2025\/"},"modified":"2025-01-13T00:00:00","modified_gmt":"2025-01-12T23:00:00","slug":"concernant-le-statut-de-pme-et-micro-entreprise-le-principe-de-report-dapplication-a-nouveau-en-vigueur-a-partir-de-2025","status":"publish","type":"post","link":"https:\/\/www.pro4green.be\/fr\/concernant-le-statut-de-pme-et-micro-entreprise-le-principe-de-report-dapplication-a-nouveau-en-vigueur-a-partir-de-2025\/","title":{"rendered":"Concernant le statut de PME et micro entreprise, le principe de report d\u2019application \u00e0 nouveau en vigueur \u00e0 partir de 2025"},"content":{"rendered":"<p>D\u00e9but 2024, les seuils applicables aux PME et aux micro-entreprises ont \u00e9t\u00e9 relev\u00e9s afin de compenser l\u2019impact de l\u2019inflation sur certaines entreprises qui avaient injustement perdu leur statut de PME. En cons\u00e9quence, certaines soci\u00e9t\u00e9s ne pouvaient plus b\u00e9n\u00e9ficier de certains avantages fiscaux.  <\/p>\n<p>Afin d\u2019appliquer imm\u00e9diatement ces ajustements, une loi du 15 mai 2024 a temporairement suspend\u00e9 le principe du report d\u2019application. Cela signifiait que si une entreprise d\u00e9passait les nouveaux seuils au 31 d\u00e9cembre 2024, elle \u00e9tait imm\u00e9diatement consid\u00e9r\u00e9e comme une &#8220;grande entreprise&#8221; pour l\u2019exercice 2024.  <\/p>\n<p>\u00c0 partir de l\u2019exercice 2025, le r\u00e9gime habituel s\u2019applique \u00e0 nouveau : une entreprise n\u2019est consid\u00e9r\u00e9e comme grande ou petite que si elle d\u00e9passe les seuils pendant deux exercices cons\u00e9cutifs. Ainsi, un d\u00e9passement des seuils en 2024 n\u2019aura d\u2019impact qu\u2019\u00e0 partir de l\u2019exercice 2027.<\/p>\n<p>\u00a9 Yves Heirman<br \/><a href=\"https:\/\/www.bfg-fbep.be\/fiche\/?fiche=10005&#038;nr=50fd9e7cd7a408db55aafe651741145f\" target=\"_blank\">Dur\u00e9e de lecture<\/a>\u00a0<i class=\"far fa-clock\"><\/i> 4&#8243;<\/p>\n","protected":false},"excerpt":{"rendered":"<p>D\u00e9but 2024, les seuils applicables aux PME et aux micro-entreprises ont \u00e9t\u00e9 relev\u00e9s afin de&#8230;<\/p>\n","protected":false},"author":26,"featured_media":28390,"comment_status":"closed","ping_status":"closed","sticky":false,"template":"","format":"standard","meta":{"_acf_changed":false,"inline_featured_image":false,"footnotes":""},"categories":[265],"tags":[],"association":[277],"class_list":["post-28389","post","type-post","status-publish","format-standard","has-post-thumbnail","hentry","category-actualites","association-pro4green-fr"],"acf":[],"yoast_head":"<!-- This site is optimized with the Yoast SEO plugin v27.1.1 - https:\/\/yoast.com\/product\/yoast-seo-wordpress\/ -->\n<title>Concernant le statut de PME et micro entreprise, le principe de report d\u2019application \u00e0 nouveau en vigueur \u00e0 partir de 2025 - Pro4Green<\/title>\n<meta name=\"robots\" content=\"index, follow, max-snippet:-1, max-image-preview:large, max-video-preview:-1\" \/>\n<link rel=\"canonical\" href=\"https:\/\/www.pro4green.be\/fr\/concernant-le-statut-de-pme-et-micro-entreprise-le-principe-de-report-dapplication-a-nouveau-en-vigueur-a-partir-de-2025\/\" \/>\n<meta property=\"og:locale\" content=\"fr_FR\" \/>\n<meta property=\"og:type\" content=\"article\" \/>\n<meta property=\"og:title\" content=\"Concernant le statut de PME et micro entreprise, le principe de report d\u2019application \u00e0 nouveau en vigueur \u00e0 partir de 2025 - Pro4Green\" \/>\n<meta property=\"og:description\" content=\"D\u00e9but 2024, les seuils applicables aux PME et aux micro-entreprises ont \u00e9t\u00e9 relev\u00e9s afin de...\" \/>\n<meta property=\"og:url\" content=\"https:\/\/www.pro4green.be\/fr\/concernant-le-statut-de-pme-et-micro-entreprise-le-principe-de-report-dapplication-a-nouveau-en-vigueur-a-partir-de-2025\/\" \/>\n<meta property=\"og:site_name\" content=\"Pro4Green\" \/>\n<meta property=\"article:published_time\" content=\"2025-01-12T23:00:00+00:00\" \/>\n<meta property=\"og:image\" content=\"https:\/\/www.pro4green.be\/wp-content\/uploads\/2025\/03\/AP1GczOQ8uTUGpcyJ_66OIWVkVtWq_mTdaIMtpi4J-RI6j9cDIJm0BjEf1SLK3-q3vStErB0acqZKvn7X9VWRYSeiPThDWt_EtiB31WXqyCCIL8N3N3q6GSUjqI4mYdIY2lNmx5aYHZ0ul4azIPLxVzQ0_pRw1005-h1005-s-no-gm.avif\" \/>\n\t<meta property=\"og:image:width\" content=\"1005\" \/>\n\t<meta property=\"og:image:height\" content=\"1005\" \/>\n\t<meta property=\"og:image:type\" content=\"image\/jpeg\" \/>\n<meta name=\"author\" content=\"Pro4Green-Admin\" \/>\n<meta name=\"twitter:card\" content=\"summary_large_image\" \/>\n<script type=\"application\/ld+json\" class=\"yoast-schema-graph\">{\"@context\":\"https:\/\/schema.org\",\"@graph\":[{\"@type\":\"Article\",\"@id\":\"https:\/\/www.pro4green.be\/fr\/concernant-le-statut-de-pme-et-micro-entreprise-le-principe-de-report-dapplication-a-nouveau-en-vigueur-a-partir-de-2025\/#article\",\"isPartOf\":{\"@id\":\"https:\/\/www.pro4green.be\/fr\/concernant-le-statut-de-pme-et-micro-entreprise-le-principe-de-report-dapplication-a-nouveau-en-vigueur-a-partir-de-2025\/\"},\"author\":{\"name\":\"Pro4Green-Admin\",\"@id\":\"https:\/\/www.pro4green.be\/fr\/#\/schema\/person\/88b2095ddffff65211d5e8a118dd6e58\"},\"headline\":\"Concernant le statut de PME et micro entreprise, le principe de report d\u2019application \u00e0 nouveau en vigueur \u00e0 partir de 2025\",\"datePublished\":\"2025-01-12T23:00:00+00:00\",\"mainEntityOfPage\":{\"@id\":\"https:\/\/www.pro4green.be\/fr\/concernant-le-statut-de-pme-et-micro-entreprise-le-principe-de-report-dapplication-a-nouveau-en-vigueur-a-partir-de-2025\/\"},\"wordCount\":173,\"publisher\":{\"@id\":\"https:\/\/www.pro4green.be\/fr\/#organization\"},\"image\":{\"@id\":\"https:\/\/www.pro4green.be\/fr\/concernant-le-statut-de-pme-et-micro-entreprise-le-principe-de-report-dapplication-a-nouveau-en-vigueur-a-partir-de-2025\/#primaryimage\"},\"thumbnailUrl\":\"https:\/\/www.pro4green.be\/wp-content\/uploads\/2025\/03\/AP1GczOQ8uTUGpcyJ_66OIWVkVtWq_mTdaIMtpi4J-RI6j9cDIJm0BjEf1SLK3-q3vStErB0acqZKvn7X9VWRYSeiPThDWt_EtiB31WXqyCCIL8N3N3q6GSUjqI4mYdIY2lNmx5aYHZ0ul4azIPLxVzQ0_pRw1005-h1005-s-no-gm.avif\",\"articleSection\":[\"Actualit\u00e9s\"],\"inLanguage\":\"fr-FR\"},{\"@type\":\"WebPage\",\"@id\":\"https:\/\/www.pro4green.be\/fr\/concernant-le-statut-de-pme-et-micro-entreprise-le-principe-de-report-dapplication-a-nouveau-en-vigueur-a-partir-de-2025\/\",\"url\":\"https:\/\/www.pro4green.be\/fr\/concernant-le-statut-de-pme-et-micro-entreprise-le-principe-de-report-dapplication-a-nouveau-en-vigueur-a-partir-de-2025\/\",\"name\":\"Concernant le statut de PME et micro entreprise, le principe de report d\u2019application \u00e0 nouveau en vigueur \u00e0 partir de 2025 - Pro4Green\",\"isPartOf\":{\"@id\":\"https:\/\/www.pro4green.be\/fr\/#website\"},\"primaryImageOfPage\":{\"@id\":\"https:\/\/www.pro4green.be\/fr\/concernant-le-statut-de-pme-et-micro-entreprise-le-principe-de-report-dapplication-a-nouveau-en-vigueur-a-partir-de-2025\/#primaryimage\"},\"image\":{\"@id\":\"https:\/\/www.pro4green.be\/fr\/concernant-le-statut-de-pme-et-micro-entreprise-le-principe-de-report-dapplication-a-nouveau-en-vigueur-a-partir-de-2025\/#primaryimage\"},\"thumbnailUrl\":\"https:\/\/www.pro4green.be\/wp-content\/uploads\/2025\/03\/AP1GczOQ8uTUGpcyJ_66OIWVkVtWq_mTdaIMtpi4J-RI6j9cDIJm0BjEf1SLK3-q3vStErB0acqZKvn7X9VWRYSeiPThDWt_EtiB31WXqyCCIL8N3N3q6GSUjqI4mYdIY2lNmx5aYHZ0ul4azIPLxVzQ0_pRw1005-h1005-s-no-gm.avif\",\"datePublished\":\"2025-01-12T23:00:00+00:00\",\"breadcrumb\":{\"@id\":\"https:\/\/www.pro4green.be\/fr\/concernant-le-statut-de-pme-et-micro-entreprise-le-principe-de-report-dapplication-a-nouveau-en-vigueur-a-partir-de-2025\/#breadcrumb\"},\"inLanguage\":\"fr-FR\",\"potentialAction\":[{\"@type\":\"ReadAction\",\"target\":[\"https:\/\/www.pro4green.be\/fr\/concernant-le-statut-de-pme-et-micro-entreprise-le-principe-de-report-dapplication-a-nouveau-en-vigueur-a-partir-de-2025\/\"]}]},{\"@type\":\"ImageObject\",\"inLanguage\":\"fr-FR\",\"@id\":\"https:\/\/www.pro4green.be\/fr\/concernant-le-statut-de-pme-et-micro-entreprise-le-principe-de-report-dapplication-a-nouveau-en-vigueur-a-partir-de-2025\/#primaryimage\",\"url\":\"https:\/\/www.pro4green.be\/wp-content\/uploads\/2025\/03\/AP1GczOQ8uTUGpcyJ_66OIWVkVtWq_mTdaIMtpi4J-RI6j9cDIJm0BjEf1SLK3-q3vStErB0acqZKvn7X9VWRYSeiPThDWt_EtiB31WXqyCCIL8N3N3q6GSUjqI4mYdIY2lNmx5aYHZ0ul4azIPLxVzQ0_pRw1005-h1005-s-no-gm.avif\",\"contentUrl\":\"https:\/\/www.pro4green.be\/wp-content\/uploads\/2025\/03\/AP1GczOQ8uTUGpcyJ_66OIWVkVtWq_mTdaIMtpi4J-RI6j9cDIJm0BjEf1SLK3-q3vStErB0acqZKvn7X9VWRYSeiPThDWt_EtiB31WXqyCCIL8N3N3q6GSUjqI4mYdIY2lNmx5aYHZ0ul4azIPLxVzQ0_pRw1005-h1005-s-no-gm.avif\",\"width\":1005,\"height\":1005},{\"@type\":\"BreadcrumbList\",\"@id\":\"https:\/\/www.pro4green.be\/fr\/concernant-le-statut-de-pme-et-micro-entreprise-le-principe-de-report-dapplication-a-nouveau-en-vigueur-a-partir-de-2025\/#breadcrumb\",\"itemListElement\":[{\"@type\":\"ListItem\",\"position\":1,\"name\":\"Home\",\"item\":\"https:\/\/www.pro4green.be\/fr\/\"},{\"@type\":\"ListItem\",\"position\":2,\"name\":\"Concernant le statut de PME et micro entreprise, le principe de report d\u2019application \u00e0 nouveau en vigueur \u00e0 partir de 2025\"}]},{\"@type\":\"WebSite\",\"@id\":\"https:\/\/www.pro4green.be\/fr\/#website\",\"url\":\"https:\/\/www.pro4green.be\/fr\/\",\"name\":\"Pro4Green\",\"description\":\"Waar professionaliteit en kwaliteit elkaar vinden\",\"publisher\":{\"@id\":\"https:\/\/www.pro4green.be\/fr\/#organization\"},\"potentialAction\":[{\"@type\":\"SearchAction\",\"target\":{\"@type\":\"EntryPoint\",\"urlTemplate\":\"https:\/\/www.pro4green.be\/fr\/?s={search_term_string}\"},\"query-input\":{\"@type\":\"PropertyValueSpecification\",\"valueRequired\":true,\"valueName\":\"search_term_string\"}}],\"inLanguage\":\"fr-FR\"},{\"@type\":\"Organization\",\"@id\":\"https:\/\/www.pro4green.be\/fr\/#organization\",\"name\":\"Pro4Green\",\"url\":\"https:\/\/www.pro4green.be\/fr\/\",\"logo\":{\"@type\":\"ImageObject\",\"inLanguage\":\"fr-FR\",\"@id\":\"https:\/\/www.pro4green.be\/fr\/#\/schema\/logo\/image\/\",\"url\":\"https:\/\/www.pro4green.be\/wp-content\/uploads\/2024\/07\/PRO4GREEN-logo-pos.svg\",\"contentUrl\":\"https:\/\/www.pro4green.be\/wp-content\/uploads\/2024\/07\/PRO4GREEN-logo-pos.svg\",\"width\":500,\"height\":225,\"caption\":\"Pro4Green\"},\"image\":{\"@id\":\"https:\/\/www.pro4green.be\/fr\/#\/schema\/logo\/image\/\"}},{\"@type\":\"Person\",\"@id\":\"https:\/\/www.pro4green.be\/fr\/#\/schema\/person\/88b2095ddffff65211d5e8a118dd6e58\",\"name\":\"Pro4Green-Admin\",\"image\":{\"@type\":\"ImageObject\",\"inLanguage\":\"fr-FR\",\"@id\":\"https:\/\/www.pro4green.be\/fr\/#\/schema\/person\/image\/\",\"url\":\"https:\/\/secure.gravatar.com\/avatar\/7e8a29d0a461aec788e922b050fcb32f2e3c905d6fc208528cc9c31f44ab6aca?s=96&d=mm&r=g\",\"contentUrl\":\"https:\/\/secure.gravatar.com\/avatar\/7e8a29d0a461aec788e922b050fcb32f2e3c905d6fc208528cc9c31f44ab6aca?s=96&d=mm&r=g\",\"caption\":\"Pro4Green-Admin\"}}]}<\/script>\n<!-- \/ Yoast SEO plugin. -->","yoast_head_json":{"title":"Concernant le statut de PME et micro entreprise, le principe de report d\u2019application \u00e0 nouveau en vigueur \u00e0 partir de 2025 - Pro4Green","robots":{"index":"index","follow":"follow","max-snippet":"max-snippet:-1","max-image-preview":"max-image-preview:large","max-video-preview":"max-video-preview:-1"},"canonical":"https:\/\/www.pro4green.be\/fr\/concernant-le-statut-de-pme-et-micro-entreprise-le-principe-de-report-dapplication-a-nouveau-en-vigueur-a-partir-de-2025\/","og_locale":"fr_FR","og_type":"article","og_title":"Concernant le statut de PME et micro entreprise, le principe de report d\u2019application \u00e0 nouveau en vigueur \u00e0 partir de 2025 - Pro4Green","og_description":"D\u00e9but 2024, les seuils applicables aux PME et aux micro-entreprises ont \u00e9t\u00e9 relev\u00e9s afin de...","og_url":"https:\/\/www.pro4green.be\/fr\/concernant-le-statut-de-pme-et-micro-entreprise-le-principe-de-report-dapplication-a-nouveau-en-vigueur-a-partir-de-2025\/","og_site_name":"Pro4Green","article_published_time":"2025-01-12T23:00:00+00:00","og_image":[{"width":1005,"height":1005,"url":"https:\/\/www.pro4green.be\/wp-content\/uploads\/2025\/03\/AP1GczOQ8uTUGpcyJ_66OIWVkVtWq_mTdaIMtpi4J-RI6j9cDIJm0BjEf1SLK3-q3vStErB0acqZKvn7X9VWRYSeiPThDWt_EtiB31WXqyCCIL8N3N3q6GSUjqI4mYdIY2lNmx5aYHZ0ul4azIPLxVzQ0_pRw1005-h1005-s-no-gm.avif","type":"image\/jpeg"}],"author":"Pro4Green-Admin","twitter_card":"summary_large_image","schema":{"@context":"https:\/\/schema.org","@graph":[{"@type":"Article","@id":"https:\/\/www.pro4green.be\/fr\/concernant-le-statut-de-pme-et-micro-entreprise-le-principe-de-report-dapplication-a-nouveau-en-vigueur-a-partir-de-2025\/#article","isPartOf":{"@id":"https:\/\/www.pro4green.be\/fr\/concernant-le-statut-de-pme-et-micro-entreprise-le-principe-de-report-dapplication-a-nouveau-en-vigueur-a-partir-de-2025\/"},"author":{"name":"Pro4Green-Admin","@id":"https:\/\/www.pro4green.be\/fr\/#\/schema\/person\/88b2095ddffff65211d5e8a118dd6e58"},"headline":"Concernant le statut de PME et micro entreprise, le principe de report d\u2019application \u00e0 nouveau en vigueur \u00e0 partir de 2025","datePublished":"2025-01-12T23:00:00+00:00","mainEntityOfPage":{"@id":"https:\/\/www.pro4green.be\/fr\/concernant-le-statut-de-pme-et-micro-entreprise-le-principe-de-report-dapplication-a-nouveau-en-vigueur-a-partir-de-2025\/"},"wordCount":173,"publisher":{"@id":"https:\/\/www.pro4green.be\/fr\/#organization"},"image":{"@id":"https:\/\/www.pro4green.be\/fr\/concernant-le-statut-de-pme-et-micro-entreprise-le-principe-de-report-dapplication-a-nouveau-en-vigueur-a-partir-de-2025\/#primaryimage"},"thumbnailUrl":"https:\/\/www.pro4green.be\/wp-content\/uploads\/2025\/03\/AP1GczOQ8uTUGpcyJ_66OIWVkVtWq_mTdaIMtpi4J-RI6j9cDIJm0BjEf1SLK3-q3vStErB0acqZKvn7X9VWRYSeiPThDWt_EtiB31WXqyCCIL8N3N3q6GSUjqI4mYdIY2lNmx5aYHZ0ul4azIPLxVzQ0_pRw1005-h1005-s-no-gm.avif","articleSection":["Actualit\u00e9s"],"inLanguage":"fr-FR"},{"@type":"WebPage","@id":"https:\/\/www.pro4green.be\/fr\/concernant-le-statut-de-pme-et-micro-entreprise-le-principe-de-report-dapplication-a-nouveau-en-vigueur-a-partir-de-2025\/","url":"https:\/\/www.pro4green.be\/fr\/concernant-le-statut-de-pme-et-micro-entreprise-le-principe-de-report-dapplication-a-nouveau-en-vigueur-a-partir-de-2025\/","name":"Concernant le statut de PME et micro entreprise, le principe de report d\u2019application \u00e0 nouveau en vigueur \u00e0 partir de 2025 - Pro4Green","isPartOf":{"@id":"https:\/\/www.pro4green.be\/fr\/#website"},"primaryImageOfPage":{"@id":"https:\/\/www.pro4green.be\/fr\/concernant-le-statut-de-pme-et-micro-entreprise-le-principe-de-report-dapplication-a-nouveau-en-vigueur-a-partir-de-2025\/#primaryimage"},"image":{"@id":"https:\/\/www.pro4green.be\/fr\/concernant-le-statut-de-pme-et-micro-entreprise-le-principe-de-report-dapplication-a-nouveau-en-vigueur-a-partir-de-2025\/#primaryimage"},"thumbnailUrl":"https:\/\/www.pro4green.be\/wp-content\/uploads\/2025\/03\/AP1GczOQ8uTUGpcyJ_66OIWVkVtWq_mTdaIMtpi4J-RI6j9cDIJm0BjEf1SLK3-q3vStErB0acqZKvn7X9VWRYSeiPThDWt_EtiB31WXqyCCIL8N3N3q6GSUjqI4mYdIY2lNmx5aYHZ0ul4azIPLxVzQ0_pRw1005-h1005-s-no-gm.avif","datePublished":"2025-01-12T23:00:00+00:00","breadcrumb":{"@id":"https:\/\/www.pro4green.be\/fr\/concernant-le-statut-de-pme-et-micro-entreprise-le-principe-de-report-dapplication-a-nouveau-en-vigueur-a-partir-de-2025\/#breadcrumb"},"inLanguage":"fr-FR","potentialAction":[{"@type":"ReadAction","target":["https:\/\/www.pro4green.be\/fr\/concernant-le-statut-de-pme-et-micro-entreprise-le-principe-de-report-dapplication-a-nouveau-en-vigueur-a-partir-de-2025\/"]}]},{"@type":"ImageObject","inLanguage":"fr-FR","@id":"https:\/\/www.pro4green.be\/fr\/concernant-le-statut-de-pme-et-micro-entreprise-le-principe-de-report-dapplication-a-nouveau-en-vigueur-a-partir-de-2025\/#primaryimage","url":"https:\/\/www.pro4green.be\/wp-content\/uploads\/2025\/03\/AP1GczOQ8uTUGpcyJ_66OIWVkVtWq_mTdaIMtpi4J-RI6j9cDIJm0BjEf1SLK3-q3vStErB0acqZKvn7X9VWRYSeiPThDWt_EtiB31WXqyCCIL8N3N3q6GSUjqI4mYdIY2lNmx5aYHZ0ul4azIPLxVzQ0_pRw1005-h1005-s-no-gm.avif","contentUrl":"https:\/\/www.pro4green.be\/wp-content\/uploads\/2025\/03\/AP1GczOQ8uTUGpcyJ_66OIWVkVtWq_mTdaIMtpi4J-RI6j9cDIJm0BjEf1SLK3-q3vStErB0acqZKvn7X9VWRYSeiPThDWt_EtiB31WXqyCCIL8N3N3q6GSUjqI4mYdIY2lNmx5aYHZ0ul4azIPLxVzQ0_pRw1005-h1005-s-no-gm.avif","width":1005,"height":1005},{"@type":"BreadcrumbList","@id":"https:\/\/www.pro4green.be\/fr\/concernant-le-statut-de-pme-et-micro-entreprise-le-principe-de-report-dapplication-a-nouveau-en-vigueur-a-partir-de-2025\/#breadcrumb","itemListElement":[{"@type":"ListItem","position":1,"name":"Home","item":"https:\/\/www.pro4green.be\/fr\/"},{"@type":"ListItem","position":2,"name":"Concernant le statut de PME et micro entreprise, le principe de report d\u2019application \u00e0 nouveau en vigueur \u00e0 partir de 2025"}]},{"@type":"WebSite","@id":"https:\/\/www.pro4green.be\/fr\/#website","url":"https:\/\/www.pro4green.be\/fr\/","name":"Pro4Green","description":"Waar professionaliteit en kwaliteit elkaar vinden","publisher":{"@id":"https:\/\/www.pro4green.be\/fr\/#organization"},"potentialAction":[{"@type":"SearchAction","target":{"@type":"EntryPoint","urlTemplate":"https:\/\/www.pro4green.be\/fr\/?s={search_term_string}"},"query-input":{"@type":"PropertyValueSpecification","valueRequired":true,"valueName":"search_term_string"}}],"inLanguage":"fr-FR"},{"@type":"Organization","@id":"https:\/\/www.pro4green.be\/fr\/#organization","name":"Pro4Green","url":"https:\/\/www.pro4green.be\/fr\/","logo":{"@type":"ImageObject","inLanguage":"fr-FR","@id":"https:\/\/www.pro4green.be\/fr\/#\/schema\/logo\/image\/","url":"https:\/\/www.pro4green.be\/wp-content\/uploads\/2024\/07\/PRO4GREEN-logo-pos.svg","contentUrl":"https:\/\/www.pro4green.be\/wp-content\/uploads\/2024\/07\/PRO4GREEN-logo-pos.svg","width":500,"height":225,"caption":"Pro4Green"},"image":{"@id":"https:\/\/www.pro4green.be\/fr\/#\/schema\/logo\/image\/"}},{"@type":"Person","@id":"https:\/\/www.pro4green.be\/fr\/#\/schema\/person\/88b2095ddffff65211d5e8a118dd6e58","name":"Pro4Green-Admin","image":{"@type":"ImageObject","inLanguage":"fr-FR","@id":"https:\/\/www.pro4green.be\/fr\/#\/schema\/person\/image\/","url":"https:\/\/secure.gravatar.com\/avatar\/7e8a29d0a461aec788e922b050fcb32f2e3c905d6fc208528cc9c31f44ab6aca?s=96&d=mm&r=g","contentUrl":"https:\/\/secure.gravatar.com\/avatar\/7e8a29d0a461aec788e922b050fcb32f2e3c905d6fc208528cc9c31f44ab6aca?s=96&d=mm&r=g","caption":"Pro4Green-Admin"}}]}},"_links":{"self":[{"href":"https:\/\/www.pro4green.be\/fr\/wp-json\/wp\/v2\/posts\/28389","targetHints":{"allow":["GET"]}}],"collection":[{"href":"https:\/\/www.pro4green.be\/fr\/wp-json\/wp\/v2\/posts"}],"about":[{"href":"https:\/\/www.pro4green.be\/fr\/wp-json\/wp\/v2\/types\/post"}],"author":[{"embeddable":true,"href":"https:\/\/www.pro4green.be\/fr\/wp-json\/wp\/v2\/users\/26"}],"replies":[{"embeddable":true,"href":"https:\/\/www.pro4green.be\/fr\/wp-json\/wp\/v2\/comments?post=28389"}],"version-history":[{"count":0,"href":"https:\/\/www.pro4green.be\/fr\/wp-json\/wp\/v2\/posts\/28389\/revisions"}],"wp:featuredmedia":[{"embeddable":true,"href":"https:\/\/www.pro4green.be\/fr\/wp-json\/wp\/v2\/media\/28390"}],"wp:attachment":[{"href":"https:\/\/www.pro4green.be\/fr\/wp-json\/wp\/v2\/media?parent=28389"}],"wp:term":[{"taxonomy":"category","embeddable":true,"href":"https:\/\/www.pro4green.be\/fr\/wp-json\/wp\/v2\/categories?post=28389"},{"taxonomy":"post_tag","embeddable":true,"href":"https:\/\/www.pro4green.be\/fr\/wp-json\/wp\/v2\/tags?post=28389"},{"taxonomy":"association","embeddable":true,"href":"https:\/\/www.pro4green.be\/fr\/wp-json\/wp\/v2\/association?post=28389"}],"curies":[{"name":"wp","href":"https:\/\/api.w.org\/{rel}","templated":true}]}}