{"id":28496,"date":"2025-04-22T00:00:00","date_gmt":"2025-04-21T23:00:00","guid":{"rendered":"https:\/\/www.pro4green.be\/inscrivez-vous-a-la-20eme-edition-du-concours-de-lentrepreneur-de-jardins-de-wallonie\/"},"modified":"2025-04-22T00:00:00","modified_gmt":"2025-04-21T23:00:00","slug":"inscrivez-vous-a-la-20eme-edition-du-concours-de-lentrepreneur-de-jardins-de-wallonie","status":"publish","type":"post","link":"https:\/\/www.pro4green.be\/fr\/inscrivez-vous-a-la-20eme-edition-du-concours-de-lentrepreneur-de-jardins-de-wallonie\/","title":{"rendered":"Inscrivez-vous \u00e0 la 20\u00e8me \u00e9dition du Concours de l\u2019Entrepreneur de Jardins de Wallonie"},"content":{"rendered":"<p><u><strong>\u00cates-vous d\u00e9j\u00e0 inscrit au Concours de l\u2019Entrepreneur de Jardins de WALLONIE 2025 ?<\/strong><\/u><\/p>\n<p><\/p>\n<p><em>Nous avons besoin de vous pour inspirer des milliers de personnes en Belgique avec votre plus belle cr\u00e9ation de jardin !<\/em><br \/> <strong>Inscrivez-vous \u00e0 la 20\u00e8me \u00e9dition du Concours de l\u2019Entrepreneur de Jardins de Wallonie.<\/strong><\/p>\n<p><\/p>\n<p><strong><em>Que vous soyez un entrepreneur accompli ou un jeune entrepreneur, participez au Concours de l\u2019Entrepreneur de Jardins de WALLONIE !<\/em><\/strong><\/p>\n<p><\/p>\n<p>Le concours s\u2019adresse \u00e0 <strong>TOUS<\/strong> les entrepreneurs de jardins \u00e9tablis en Wallonie qui aiment leur m\u00e9tier et particuli\u00e8rement \u00e0 ceux qui souhaitent le voir se d\u00e9velopper. Alors, profitez de cette opportunit\u00e9 pour partager vos talents et connaissances, pour participer \u00e0 la promotion de votre m\u00e9tier.<\/p>\n<p><\/p>\n<p>En 2025, il y aura trois cat\u00e9gories :<\/p>\n<p><\/p>\n<ul><\/p>\n<li>Petits jardins de moins de 350 m\u00b2<\/li>\n<p><\/p>\n<li>Jardins moyens de 350 \u00e0 1.000 m\u00b2<\/li>\n<p><\/p>\n<li>Grands jardins de plus de 1.000 m\u00b2<\/li>\n<p><\/ul>\n<p><\/p>\n<p>Dans chacune de ces cat\u00e9gories des <strong>m\u00e9dailles d\u2019or, d\u2019argent et de bronze<\/strong> pourront \u00eatre remises. Une <strong>m\u00e9daille du jeune talent<\/strong> (en-dessous de 35 ans) sera \u00e9galement attribu\u00e9e.<\/p>\n<p><\/p>\n<p>Des prix annexes pourront \u00eatre remis en fonction des d\u00e9couvertes du jury comme par exemple :<\/p>\n<p><\/p>\n<ul><\/p>\n<li>Le prix de la construction<\/li>\n<p><\/p>\n<li>Le prix de la biodiversit\u00e9<\/li>\n<p><\/p>\n<li>Le prix du jardin petit budget<\/li>\n<p><\/p>\n<li>Le prix de l\u2019innovation technique<\/li>\n<p><\/p>\n<li>\u2026<\/li>\n<p><\/ul>\n<p><\/p>\n<p><strong>Nous attendons votre inscription pour le mercredi 30 avril 2025.<\/strong><br \/> Utilisez le temps dont vous disposez pour pr\u00e9parer correctement votre candidature.<br \/> Choisissez un projet dont vous \u00eates fier et que vous avez achev\u00e9, et rendez-vous sur <a href=\"https:\/\/www.entrepreneurdejardins.be\">www.entrepreneurdejardins.be<\/a> pour le soumettre.<\/p>\n<p><\/p>\n<p><u>Pour toute question, vous pouvez contacter :<\/u><\/p>\n<p><\/p>\n<ul><\/p>\n<li>Isabelle Tasiaux (APAQ-W) : +32 81 33 17 24<\/li>\n<p><\/p>\n<li>PSG Group : +32 11 22 09 95<\/li>\n<p><\/ul>\n<p><\/p>\n<p>Si vous le souhaitez, nous nous ferons un plaisir de vous aider \u00e0 compl\u00e9ter votre dossier de candidature.<\/p>\n<p><\/p>\n<p><strong>Bonne chance !<br \/> Le comit\u00e9 du concours<\/strong><\/p>\n<p><\/p>\n<p>\u00a0<\/p>\n<p>\u00a9 Karin Geboes<\/p>\n","protected":false},"excerpt":{"rendered":"<p>\u00cates-vous d\u00e9j\u00e0 inscrit au Concours de l\u2019Entrepreneur de Jardins de WALLONIE 2025 ?Nous avons&#8230;<\/p>\n","protected":false},"author":26,"featured_media":28497,"comment_status":"closed","ping_status":"closed","sticky":false,"template":"","format":"standard","meta":{"_acf_changed":false,"inline_featured_image":false,"footnotes":""},"categories":[265],"tags":[],"association":[277],"class_list":["post-28496","post","type-post","status-publish","format-standard","has-post-thumbnail","hentry","category-actualites","association-pro4green-fr"],"acf":[],"yoast_head":"<!-- This site is optimized with the Yoast SEO plugin v27.1.1 - https:\/\/yoast.com\/product\/yoast-seo-wordpress\/ -->\n<title>Inscrivez-vous \u00e0 la 20\u00e8me \u00e9dition du Concours de l\u2019Entrepreneur de Jardins de Wallonie - Pro4Green<\/title>\n<meta name=\"robots\" content=\"index, follow, max-snippet:-1, max-image-preview:large, max-video-preview:-1\" \/>\n<link rel=\"canonical\" href=\"https:\/\/www.pro4green.be\/fr\/inscrivez-vous-a-la-20eme-edition-du-concours-de-lentrepreneur-de-jardins-de-wallonie\/\" \/>\n<meta property=\"og:locale\" content=\"fr_FR\" \/>\n<meta property=\"og:type\" content=\"article\" \/>\n<meta property=\"og:title\" content=\"Inscrivez-vous \u00e0 la 20\u00e8me \u00e9dition du Concours de l\u2019Entrepreneur de Jardins de Wallonie - Pro4Green\" \/>\n<meta property=\"og:description\" content=\"\u00cates-vous d\u00e9j\u00e0 inscrit au Concours de l\u2019Entrepreneur de Jardins de WALLONIE 2025 ?Nous avons...\" \/>\n<meta property=\"og:url\" content=\"https:\/\/www.pro4green.be\/fr\/inscrivez-vous-a-la-20eme-edition-du-concours-de-lentrepreneur-de-jardins-de-wallonie\/\" \/>\n<meta property=\"og:site_name\" content=\"Pro4Green\" \/>\n<meta property=\"article:published_time\" content=\"2025-04-21T23:00:00+00:00\" \/>\n<meta property=\"og:image\" content=\"https:\/\/www.pro4green.be\/wp-content\/uploads\/2025\/04\/AP1GczNqlxLLduYdya06Sq0IFHD1gICvulYpE2k9i1lzr1ad0zLY3J9y3SNuuYNR1gDMBztoYjtwp1EYdCpZHEgJC81ZDQbtK_0TSDeIqnSCdO8sRe6BjVnSpQ7-qHWbDJQmfD3p7kdiAIanP5I1LcnFMilzw600-h527-s-no-gm.avif\" \/>\n\t<meta property=\"og:image:width\" content=\"600\" \/>\n\t<meta property=\"og:image:height\" content=\"527\" \/>\n\t<meta property=\"og:image:type\" content=\"image\/jpeg\" \/>\n<meta name=\"author\" content=\"Pro4Green-Admin\" \/>\n<meta name=\"twitter:card\" content=\"summary_large_image\" \/>\n<script type=\"application\/ld+json\" class=\"yoast-schema-graph\">{\"@context\":\"https:\/\/schema.org\",\"@graph\":[{\"@type\":\"Article\",\"@id\":\"https:\/\/www.pro4green.be\/fr\/inscrivez-vous-a-la-20eme-edition-du-concours-de-lentrepreneur-de-jardins-de-wallonie\/#article\",\"isPartOf\":{\"@id\":\"https:\/\/www.pro4green.be\/fr\/inscrivez-vous-a-la-20eme-edition-du-concours-de-lentrepreneur-de-jardins-de-wallonie\/\"},\"author\":{\"name\":\"Pro4Green-Admin\",\"@id\":\"https:\/\/www.pro4green.be\/fr\/#\/schema\/person\/88b2095ddffff65211d5e8a118dd6e58\"},\"headline\":\"Inscrivez-vous \u00e0 la 20\u00e8me \u00e9dition du Concours de l\u2019Entrepreneur de Jardins de Wallonie\",\"datePublished\":\"2025-04-21T23:00:00+00:00\",\"mainEntityOfPage\":{\"@id\":\"https:\/\/www.pro4green.be\/fr\/inscrivez-vous-a-la-20eme-edition-du-concours-de-lentrepreneur-de-jardins-de-wallonie\/\"},\"wordCount\":298,\"publisher\":{\"@id\":\"https:\/\/www.pro4green.be\/fr\/#organization\"},\"image\":{\"@id\":\"https:\/\/www.pro4green.be\/fr\/inscrivez-vous-a-la-20eme-edition-du-concours-de-lentrepreneur-de-jardins-de-wallonie\/#primaryimage\"},\"thumbnailUrl\":\"https:\/\/www.pro4green.be\/wp-content\/uploads\/2025\/04\/AP1GczNqlxLLduYdya06Sq0IFHD1gICvulYpE2k9i1lzr1ad0zLY3J9y3SNuuYNR1gDMBztoYjtwp1EYdCpZHEgJC81ZDQbtK_0TSDeIqnSCdO8sRe6BjVnSpQ7-qHWbDJQmfD3p7kdiAIanP5I1LcnFMilzw600-h527-s-no-gm.avif\",\"articleSection\":[\"Actualit\u00e9s\"],\"inLanguage\":\"fr-FR\"},{\"@type\":\"WebPage\",\"@id\":\"https:\/\/www.pro4green.be\/fr\/inscrivez-vous-a-la-20eme-edition-du-concours-de-lentrepreneur-de-jardins-de-wallonie\/\",\"url\":\"https:\/\/www.pro4green.be\/fr\/inscrivez-vous-a-la-20eme-edition-du-concours-de-lentrepreneur-de-jardins-de-wallonie\/\",\"name\":\"Inscrivez-vous \u00e0 la 20\u00e8me \u00e9dition du Concours de l\u2019Entrepreneur de Jardins de Wallonie - Pro4Green\",\"isPartOf\":{\"@id\":\"https:\/\/www.pro4green.be\/fr\/#website\"},\"primaryImageOfPage\":{\"@id\":\"https:\/\/www.pro4green.be\/fr\/inscrivez-vous-a-la-20eme-edition-du-concours-de-lentrepreneur-de-jardins-de-wallonie\/#primaryimage\"},\"image\":{\"@id\":\"https:\/\/www.pro4green.be\/fr\/inscrivez-vous-a-la-20eme-edition-du-concours-de-lentrepreneur-de-jardins-de-wallonie\/#primaryimage\"},\"thumbnailUrl\":\"https:\/\/www.pro4green.be\/wp-content\/uploads\/2025\/04\/AP1GczNqlxLLduYdya06Sq0IFHD1gICvulYpE2k9i1lzr1ad0zLY3J9y3SNuuYNR1gDMBztoYjtwp1EYdCpZHEgJC81ZDQbtK_0TSDeIqnSCdO8sRe6BjVnSpQ7-qHWbDJQmfD3p7kdiAIanP5I1LcnFMilzw600-h527-s-no-gm.avif\",\"datePublished\":\"2025-04-21T23:00:00+00:00\",\"breadcrumb\":{\"@id\":\"https:\/\/www.pro4green.be\/fr\/inscrivez-vous-a-la-20eme-edition-du-concours-de-lentrepreneur-de-jardins-de-wallonie\/#breadcrumb\"},\"inLanguage\":\"fr-FR\",\"potentialAction\":[{\"@type\":\"ReadAction\",\"target\":[\"https:\/\/www.pro4green.be\/fr\/inscrivez-vous-a-la-20eme-edition-du-concours-de-lentrepreneur-de-jardins-de-wallonie\/\"]}]},{\"@type\":\"ImageObject\",\"inLanguage\":\"fr-FR\",\"@id\":\"https:\/\/www.pro4green.be\/fr\/inscrivez-vous-a-la-20eme-edition-du-concours-de-lentrepreneur-de-jardins-de-wallonie\/#primaryimage\",\"url\":\"https:\/\/www.pro4green.be\/wp-content\/uploads\/2025\/04\/AP1GczNqlxLLduYdya06Sq0IFHD1gICvulYpE2k9i1lzr1ad0zLY3J9y3SNuuYNR1gDMBztoYjtwp1EYdCpZHEgJC81ZDQbtK_0TSDeIqnSCdO8sRe6BjVnSpQ7-qHWbDJQmfD3p7kdiAIanP5I1LcnFMilzw600-h527-s-no-gm.avif\",\"contentUrl\":\"https:\/\/www.pro4green.be\/wp-content\/uploads\/2025\/04\/AP1GczNqlxLLduYdya06Sq0IFHD1gICvulYpE2k9i1lzr1ad0zLY3J9y3SNuuYNR1gDMBztoYjtwp1EYdCpZHEgJC81ZDQbtK_0TSDeIqnSCdO8sRe6BjVnSpQ7-qHWbDJQmfD3p7kdiAIanP5I1LcnFMilzw600-h527-s-no-gm.avif\",\"width\":600,\"height\":527},{\"@type\":\"BreadcrumbList\",\"@id\":\"https:\/\/www.pro4green.be\/fr\/inscrivez-vous-a-la-20eme-edition-du-concours-de-lentrepreneur-de-jardins-de-wallonie\/#breadcrumb\",\"itemListElement\":[{\"@type\":\"ListItem\",\"position\":1,\"name\":\"Home\",\"item\":\"https:\/\/www.pro4green.be\/fr\/\"},{\"@type\":\"ListItem\",\"position\":2,\"name\":\"Inscrivez-vous \u00e0 la 20\u00e8me \u00e9dition du Concours de l\u2019Entrepreneur de Jardins de Wallonie\"}]},{\"@type\":\"WebSite\",\"@id\":\"https:\/\/www.pro4green.be\/fr\/#website\",\"url\":\"https:\/\/www.pro4green.be\/fr\/\",\"name\":\"Pro4Green\",\"description\":\"Waar professionaliteit en kwaliteit elkaar vinden\",\"publisher\":{\"@id\":\"https:\/\/www.pro4green.be\/fr\/#organization\"},\"potentialAction\":[{\"@type\":\"SearchAction\",\"target\":{\"@type\":\"EntryPoint\",\"urlTemplate\":\"https:\/\/www.pro4green.be\/fr\/?s={search_term_string}\"},\"query-input\":{\"@type\":\"PropertyValueSpecification\",\"valueRequired\":true,\"valueName\":\"search_term_string\"}}],\"inLanguage\":\"fr-FR\"},{\"@type\":\"Organization\",\"@id\":\"https:\/\/www.pro4green.be\/fr\/#organization\",\"name\":\"Pro4Green\",\"url\":\"https:\/\/www.pro4green.be\/fr\/\",\"logo\":{\"@type\":\"ImageObject\",\"inLanguage\":\"fr-FR\",\"@id\":\"https:\/\/www.pro4green.be\/fr\/#\/schema\/logo\/image\/\",\"url\":\"https:\/\/www.pro4green.be\/wp-content\/uploads\/2024\/07\/PRO4GREEN-logo-pos.svg\",\"contentUrl\":\"https:\/\/www.pro4green.be\/wp-content\/uploads\/2024\/07\/PRO4GREEN-logo-pos.svg\",\"width\":500,\"height\":225,\"caption\":\"Pro4Green\"},\"image\":{\"@id\":\"https:\/\/www.pro4green.be\/fr\/#\/schema\/logo\/image\/\"}},{\"@type\":\"Person\",\"@id\":\"https:\/\/www.pro4green.be\/fr\/#\/schema\/person\/88b2095ddffff65211d5e8a118dd6e58\",\"name\":\"Pro4Green-Admin\",\"image\":{\"@type\":\"ImageObject\",\"inLanguage\":\"fr-FR\",\"@id\":\"https:\/\/www.pro4green.be\/fr\/#\/schema\/person\/image\/\",\"url\":\"https:\/\/secure.gravatar.com\/avatar\/7e8a29d0a461aec788e922b050fcb32f2e3c905d6fc208528cc9c31f44ab6aca?s=96&d=mm&r=g\",\"contentUrl\":\"https:\/\/secure.gravatar.com\/avatar\/7e8a29d0a461aec788e922b050fcb32f2e3c905d6fc208528cc9c31f44ab6aca?s=96&d=mm&r=g\",\"caption\":\"Pro4Green-Admin\"}}]}<\/script>\n<!-- \/ Yoast SEO plugin. -->","yoast_head_json":{"title":"Inscrivez-vous \u00e0 la 20\u00e8me \u00e9dition du Concours de l\u2019Entrepreneur de Jardins de Wallonie - Pro4Green","robots":{"index":"index","follow":"follow","max-snippet":"max-snippet:-1","max-image-preview":"max-image-preview:large","max-video-preview":"max-video-preview:-1"},"canonical":"https:\/\/www.pro4green.be\/fr\/inscrivez-vous-a-la-20eme-edition-du-concours-de-lentrepreneur-de-jardins-de-wallonie\/","og_locale":"fr_FR","og_type":"article","og_title":"Inscrivez-vous \u00e0 la 20\u00e8me \u00e9dition du Concours de l\u2019Entrepreneur de Jardins de Wallonie - Pro4Green","og_description":"\u00cates-vous d\u00e9j\u00e0 inscrit au Concours de l\u2019Entrepreneur de Jardins de WALLONIE 2025 ?Nous avons...","og_url":"https:\/\/www.pro4green.be\/fr\/inscrivez-vous-a-la-20eme-edition-du-concours-de-lentrepreneur-de-jardins-de-wallonie\/","og_site_name":"Pro4Green","article_published_time":"2025-04-21T23:00:00+00:00","og_image":[{"width":600,"height":527,"url":"https:\/\/www.pro4green.be\/wp-content\/uploads\/2025\/04\/AP1GczNqlxLLduYdya06Sq0IFHD1gICvulYpE2k9i1lzr1ad0zLY3J9y3SNuuYNR1gDMBztoYjtwp1EYdCpZHEgJC81ZDQbtK_0TSDeIqnSCdO8sRe6BjVnSpQ7-qHWbDJQmfD3p7kdiAIanP5I1LcnFMilzw600-h527-s-no-gm.avif","type":"image\/jpeg"}],"author":"Pro4Green-Admin","twitter_card":"summary_large_image","schema":{"@context":"https:\/\/schema.org","@graph":[{"@type":"Article","@id":"https:\/\/www.pro4green.be\/fr\/inscrivez-vous-a-la-20eme-edition-du-concours-de-lentrepreneur-de-jardins-de-wallonie\/#article","isPartOf":{"@id":"https:\/\/www.pro4green.be\/fr\/inscrivez-vous-a-la-20eme-edition-du-concours-de-lentrepreneur-de-jardins-de-wallonie\/"},"author":{"name":"Pro4Green-Admin","@id":"https:\/\/www.pro4green.be\/fr\/#\/schema\/person\/88b2095ddffff65211d5e8a118dd6e58"},"headline":"Inscrivez-vous \u00e0 la 20\u00e8me \u00e9dition du Concours de l\u2019Entrepreneur de Jardins de Wallonie","datePublished":"2025-04-21T23:00:00+00:00","mainEntityOfPage":{"@id":"https:\/\/www.pro4green.be\/fr\/inscrivez-vous-a-la-20eme-edition-du-concours-de-lentrepreneur-de-jardins-de-wallonie\/"},"wordCount":298,"publisher":{"@id":"https:\/\/www.pro4green.be\/fr\/#organization"},"image":{"@id":"https:\/\/www.pro4green.be\/fr\/inscrivez-vous-a-la-20eme-edition-du-concours-de-lentrepreneur-de-jardins-de-wallonie\/#primaryimage"},"thumbnailUrl":"https:\/\/www.pro4green.be\/wp-content\/uploads\/2025\/04\/AP1GczNqlxLLduYdya06Sq0IFHD1gICvulYpE2k9i1lzr1ad0zLY3J9y3SNuuYNR1gDMBztoYjtwp1EYdCpZHEgJC81ZDQbtK_0TSDeIqnSCdO8sRe6BjVnSpQ7-qHWbDJQmfD3p7kdiAIanP5I1LcnFMilzw600-h527-s-no-gm.avif","articleSection":["Actualit\u00e9s"],"inLanguage":"fr-FR"},{"@type":"WebPage","@id":"https:\/\/www.pro4green.be\/fr\/inscrivez-vous-a-la-20eme-edition-du-concours-de-lentrepreneur-de-jardins-de-wallonie\/","url":"https:\/\/www.pro4green.be\/fr\/inscrivez-vous-a-la-20eme-edition-du-concours-de-lentrepreneur-de-jardins-de-wallonie\/","name":"Inscrivez-vous \u00e0 la 20\u00e8me \u00e9dition du Concours de l\u2019Entrepreneur de Jardins de Wallonie - Pro4Green","isPartOf":{"@id":"https:\/\/www.pro4green.be\/fr\/#website"},"primaryImageOfPage":{"@id":"https:\/\/www.pro4green.be\/fr\/inscrivez-vous-a-la-20eme-edition-du-concours-de-lentrepreneur-de-jardins-de-wallonie\/#primaryimage"},"image":{"@id":"https:\/\/www.pro4green.be\/fr\/inscrivez-vous-a-la-20eme-edition-du-concours-de-lentrepreneur-de-jardins-de-wallonie\/#primaryimage"},"thumbnailUrl":"https:\/\/www.pro4green.be\/wp-content\/uploads\/2025\/04\/AP1GczNqlxLLduYdya06Sq0IFHD1gICvulYpE2k9i1lzr1ad0zLY3J9y3SNuuYNR1gDMBztoYjtwp1EYdCpZHEgJC81ZDQbtK_0TSDeIqnSCdO8sRe6BjVnSpQ7-qHWbDJQmfD3p7kdiAIanP5I1LcnFMilzw600-h527-s-no-gm.avif","datePublished":"2025-04-21T23:00:00+00:00","breadcrumb":{"@id":"https:\/\/www.pro4green.be\/fr\/inscrivez-vous-a-la-20eme-edition-du-concours-de-lentrepreneur-de-jardins-de-wallonie\/#breadcrumb"},"inLanguage":"fr-FR","potentialAction":[{"@type":"ReadAction","target":["https:\/\/www.pro4green.be\/fr\/inscrivez-vous-a-la-20eme-edition-du-concours-de-lentrepreneur-de-jardins-de-wallonie\/"]}]},{"@type":"ImageObject","inLanguage":"fr-FR","@id":"https:\/\/www.pro4green.be\/fr\/inscrivez-vous-a-la-20eme-edition-du-concours-de-lentrepreneur-de-jardins-de-wallonie\/#primaryimage","url":"https:\/\/www.pro4green.be\/wp-content\/uploads\/2025\/04\/AP1GczNqlxLLduYdya06Sq0IFHD1gICvulYpE2k9i1lzr1ad0zLY3J9y3SNuuYNR1gDMBztoYjtwp1EYdCpZHEgJC81ZDQbtK_0TSDeIqnSCdO8sRe6BjVnSpQ7-qHWbDJQmfD3p7kdiAIanP5I1LcnFMilzw600-h527-s-no-gm.avif","contentUrl":"https:\/\/www.pro4green.be\/wp-content\/uploads\/2025\/04\/AP1GczNqlxLLduYdya06Sq0IFHD1gICvulYpE2k9i1lzr1ad0zLY3J9y3SNuuYNR1gDMBztoYjtwp1EYdCpZHEgJC81ZDQbtK_0TSDeIqnSCdO8sRe6BjVnSpQ7-qHWbDJQmfD3p7kdiAIanP5I1LcnFMilzw600-h527-s-no-gm.avif","width":600,"height":527},{"@type":"BreadcrumbList","@id":"https:\/\/www.pro4green.be\/fr\/inscrivez-vous-a-la-20eme-edition-du-concours-de-lentrepreneur-de-jardins-de-wallonie\/#breadcrumb","itemListElement":[{"@type":"ListItem","position":1,"name":"Home","item":"https:\/\/www.pro4green.be\/fr\/"},{"@type":"ListItem","position":2,"name":"Inscrivez-vous \u00e0 la 20\u00e8me \u00e9dition du Concours de l\u2019Entrepreneur de Jardins de Wallonie"}]},{"@type":"WebSite","@id":"https:\/\/www.pro4green.be\/fr\/#website","url":"https:\/\/www.pro4green.be\/fr\/","name":"Pro4Green","description":"Waar professionaliteit en kwaliteit elkaar vinden","publisher":{"@id":"https:\/\/www.pro4green.be\/fr\/#organization"},"potentialAction":[{"@type":"SearchAction","target":{"@type":"EntryPoint","urlTemplate":"https:\/\/www.pro4green.be\/fr\/?s={search_term_string}"},"query-input":{"@type":"PropertyValueSpecification","valueRequired":true,"valueName":"search_term_string"}}],"inLanguage":"fr-FR"},{"@type":"Organization","@id":"https:\/\/www.pro4green.be\/fr\/#organization","name":"Pro4Green","url":"https:\/\/www.pro4green.be\/fr\/","logo":{"@type":"ImageObject","inLanguage":"fr-FR","@id":"https:\/\/www.pro4green.be\/fr\/#\/schema\/logo\/image\/","url":"https:\/\/www.pro4green.be\/wp-content\/uploads\/2024\/07\/PRO4GREEN-logo-pos.svg","contentUrl":"https:\/\/www.pro4green.be\/wp-content\/uploads\/2024\/07\/PRO4GREEN-logo-pos.svg","width":500,"height":225,"caption":"Pro4Green"},"image":{"@id":"https:\/\/www.pro4green.be\/fr\/#\/schema\/logo\/image\/"}},{"@type":"Person","@id":"https:\/\/www.pro4green.be\/fr\/#\/schema\/person\/88b2095ddffff65211d5e8a118dd6e58","name":"Pro4Green-Admin","image":{"@type":"ImageObject","inLanguage":"fr-FR","@id":"https:\/\/www.pro4green.be\/fr\/#\/schema\/person\/image\/","url":"https:\/\/secure.gravatar.com\/avatar\/7e8a29d0a461aec788e922b050fcb32f2e3c905d6fc208528cc9c31f44ab6aca?s=96&d=mm&r=g","contentUrl":"https:\/\/secure.gravatar.com\/avatar\/7e8a29d0a461aec788e922b050fcb32f2e3c905d6fc208528cc9c31f44ab6aca?s=96&d=mm&r=g","caption":"Pro4Green-Admin"}}]}},"_links":{"self":[{"href":"https:\/\/www.pro4green.be\/fr\/wp-json\/wp\/v2\/posts\/28496","targetHints":{"allow":["GET"]}}],"collection":[{"href":"https:\/\/www.pro4green.be\/fr\/wp-json\/wp\/v2\/posts"}],"about":[{"href":"https:\/\/www.pro4green.be\/fr\/wp-json\/wp\/v2\/types\/post"}],"author":[{"embeddable":true,"href":"https:\/\/www.pro4green.be\/fr\/wp-json\/wp\/v2\/users\/26"}],"replies":[{"embeddable":true,"href":"https:\/\/www.pro4green.be\/fr\/wp-json\/wp\/v2\/comments?post=28496"}],"version-history":[{"count":0,"href":"https:\/\/www.pro4green.be\/fr\/wp-json\/wp\/v2\/posts\/28496\/revisions"}],"wp:featuredmedia":[{"embeddable":true,"href":"https:\/\/www.pro4green.be\/fr\/wp-json\/wp\/v2\/media\/28497"}],"wp:attachment":[{"href":"https:\/\/www.pro4green.be\/fr\/wp-json\/wp\/v2\/media?parent=28496"}],"wp:term":[{"taxonomy":"category","embeddable":true,"href":"https:\/\/www.pro4green.be\/fr\/wp-json\/wp\/v2\/categories?post=28496"},{"taxonomy":"post_tag","embeddable":true,"href":"https:\/\/www.pro4green.be\/fr\/wp-json\/wp\/v2\/tags?post=28496"},{"taxonomy":"association","embeddable":true,"href":"https:\/\/www.pro4green.be\/fr\/wp-json\/wp\/v2\/association?post=28496"}],"curies":[{"name":"wp","href":"https:\/\/api.w.org\/{rel}","templated":true}]}}