{"id":29044,"date":"2025-06-05T00:00:00","date_gmt":"2025-06-04T23:00:00","guid":{"rendered":"https:\/\/www.pro4green.be\/campagne-dinspection-dg-cbe-secteur-vert-2025-2027-ce-que-chaque-entrepreneur-de-jardin-doit-savoir\/"},"modified":"2025-06-10T09:48:33","modified_gmt":"2025-06-10T08:48:33","slug":"campagne-dinspection-dg-cbe-secteur-vert-2025-2027-ce-que-chaque-entrepreneur-de-jardin-doit-savoir","status":"publish","type":"post","link":"https:\/\/www.pro4green.be\/fr\/campagne-dinspection-dg-cbe-secteur-vert-2025-2027-ce-que-chaque-entrepreneur-de-jardin-doit-savoir\/","title":{"rendered":"Campagne d\u2019inspection DG CBE \u2013 Secteur Vert (2025-2027) : Ce que chaque entrepreneur de jardin doit savoir"},"content":{"rendered":"<p>De mi-2025 \u00e0 mi-2027, la Direction g\u00e9n\u00e9rale du Contr\u00f4le du bien-\u00eatre au travail m\u00e8nera une campagne d\u2019inspection cibl\u00e9e dans les secteurs verts (parcs, jardins, paysagisme, horticulture). Cette action s\u2019inscrit dans le cadre du Plan National de Contr\u00f4le Pluriannuel (PNCP) et du MANCP, un programme europ\u00e9en de contr\u00f4le pluriannuel, avec pour objectif principal de v\u00e9rifier la conformit\u00e9 aux obligations l\u00e9gales en mati\u00e8re de sant\u00e9, de s\u00e9curit\u00e9 et de bien-\u00eatre des travailleurs.<\/p>\n<p>Les inspections porteront sur les mesures de pr\u00e9vention contre l\u2019exposition aux agents chimiques, l\u2019usage des EPI, la protection des jeunes et femmes enceintes, l\u2019accueil en langue comprise, et le stockage s\u00e9curis\u00e9.  Les employeurs doivent \u00e9valuer les risques, former leur personnel, et utiliser des outils comme OiRA Parcs &#038; Jardins ou le guide PreventAgri. En cas de non-respect des r\u00e8gles, des sanctions peuvent \u00eatre appliqu\u00e9es : amendes, arr\u00eat de travaux, poursuites p\u00e9nales,et atteinte \u00e0 la r\u00e9putation. La pr\u00e9vention reste la meilleure solution pour assurer un environnement de travail s\u00fbr. soyez pr\u00e9par\u00e9 !<\/p>\n<p>Il est vivement recommand\u00e9 d\u2019anticiper les contr\u00f4les. Agir en amont, documenter ses pratiques et former ses \u00e9quipes est la meilleure strat\u00e9gie pour aborder ces inspections avec s\u00e9r\u00e9nit\u00e9.  Cette campagne de contr\u00f4les ne doit pas \u00eatre vue comme une menace, mais comme une opportunit\u00e9 d\u2019am\u00e9liorer la s\u00e9curit\u00e9, d\u2019augmenter la qualit\u00e9 du travail et de renforcer la coh\u00e9sion dans l\u2019entreprise. La pr\u00e9vention est l\u2019affaire de tous, et c\u2019est aussi un gage de professionnalisme et de durabilit\u00e9 pour votre activit\u00e9.<\/p>\n<p>&#8220;Pr\u00e9parez votre entreprise d\u00e8s maintenant pour garantir la s\u00e9curit\u00e9 de vos collaborateurs. La pr\u00e9vention est votre meilleure alli\u00e9e !&#8221;<\/p>\n<p>Un extra pour les membres de Pro4Green : \u00e0 la base du contr\u00f4le, on retrouve syst\u00e9matiquement deux check-lists qui seront utilis\u00e9es par les inspecteurs. Vous les retrouverez dans la fiche membre, sous la rubrique \u00ab Recommandation Pro4Green \u00bb.<\/p>\n<p>\u00a9 Dominique Latteur<br \/><a href=\"https:\/\/www.bfg-fbep.be\/fiche\/?fiche=10045&#038;nr=f0980ed3ed80a0326f196b6b4101d20f\" target=\"_blank\">Dur\u00e9e de lecture<\/a>\u00a0<i class=\"far fa-clock\"><\/i> 8&#8243;<\/p>\n","protected":false},"excerpt":{"rendered":"<p>De mi-2025 \u00e0 mi-2027, la Direction g\u00e9n\u00e9rale du Contr\u00f4le du bien-\u00eatre au travail m\u00e8nera&#8230;<\/p>\n","protected":false},"author":26,"featured_media":29045,"comment_status":"closed","ping_status":"closed","sticky":false,"template":"","format":"standard","meta":{"_acf_changed":false,"inline_featured_image":false,"footnotes":""},"categories":[265],"tags":[],"association":[277],"class_list":["post-29044","post","type-post","status-publish","format-standard","has-post-thumbnail","hentry","category-actualites","association-pro4green-fr"],"acf":[],"yoast_head":"<!-- This site is optimized with the Yoast SEO plugin v27.1.1 - https:\/\/yoast.com\/product\/yoast-seo-wordpress\/ -->\n<title>Campagne d\u2019inspection DG CBE \u2013 Secteur Vert (2025-2027) : Ce que chaque entrepreneur de jardin doit savoir - Pro4Green<\/title>\n<meta name=\"robots\" content=\"index, follow, max-snippet:-1, max-image-preview:large, max-video-preview:-1\" \/>\n<link rel=\"canonical\" href=\"https:\/\/www.pro4green.be\/fr\/campagne-dinspection-dg-cbe-secteur-vert-2025-2027-ce-que-chaque-entrepreneur-de-jardin-doit-savoir\/\" \/>\n<meta property=\"og:locale\" content=\"fr_FR\" \/>\n<meta property=\"og:type\" content=\"article\" \/>\n<meta property=\"og:title\" content=\"Campagne d\u2019inspection DG CBE \u2013 Secteur Vert (2025-2027) : Ce que chaque entrepreneur de jardin doit savoir - Pro4Green\" \/>\n<meta property=\"og:description\" content=\"De mi-2025 \u00e0 mi-2027, la Direction g\u00e9n\u00e9rale du Contr\u00f4le du bien-\u00eatre au travail m\u00e8nera...\" \/>\n<meta property=\"og:url\" content=\"https:\/\/www.pro4green.be\/fr\/campagne-dinspection-dg-cbe-secteur-vert-2025-2027-ce-que-chaque-entrepreneur-de-jardin-doit-savoir\/\" \/>\n<meta property=\"og:site_name\" content=\"Pro4Green\" \/>\n<meta property=\"article:published_time\" content=\"2025-06-04T23:00:00+00:00\" \/>\n<meta property=\"article:modified_time\" content=\"2025-06-10T08:48:33+00:00\" \/>\n<meta property=\"og:image\" content=\"https:\/\/www.pro4green.be\/wp-content\/uploads\/2025\/06\/AP1GczNk21-_rYbmmFbiWsXUPKCIbHVkZTZOcl5kt2N-RdW8R2h8egjSneJMRNd8quII1wC26bWSkkx-4c_4b2pqWc3i9TlqRAx0vzvsGh19ufphF6xD471QLdeumQWHKE6Aztf9ZrPBK9V-p9AT7L8rWh0Jw1024-h1024-s-no-gm.avif\" \/>\n\t<meta property=\"og:image:width\" content=\"1024\" \/>\n\t<meta property=\"og:image:height\" content=\"1024\" \/>\n\t<meta property=\"og:image:type\" content=\"image\/jpeg\" \/>\n<meta name=\"author\" content=\"Pro4Green-Admin\" \/>\n<meta name=\"twitter:card\" content=\"summary_large_image\" \/>\n<script type=\"application\/ld+json\" class=\"yoast-schema-graph\">{\"@context\":\"https:\/\/schema.org\",\"@graph\":[{\"@type\":\"Article\",\"@id\":\"https:\/\/www.pro4green.be\/fr\/campagne-dinspection-dg-cbe-secteur-vert-2025-2027-ce-que-chaque-entrepreneur-de-jardin-doit-savoir\/#article\",\"isPartOf\":{\"@id\":\"https:\/\/www.pro4green.be\/fr\/campagne-dinspection-dg-cbe-secteur-vert-2025-2027-ce-que-chaque-entrepreneur-de-jardin-doit-savoir\/\"},\"author\":{\"name\":\"Pro4Green-Admin\",\"@id\":\"https:\/\/www.pro4green.be\/fr\/#\/schema\/person\/88b2095ddffff65211d5e8a118dd6e58\"},\"headline\":\"Campagne d\u2019inspection DG CBE \u2013 Secteur Vert (2025-2027) : Ce que chaque entrepreneur de jardin doit savoir\",\"datePublished\":\"2025-06-04T23:00:00+00:00\",\"dateModified\":\"2025-06-10T08:48:33+00:00\",\"mainEntityOfPage\":{\"@id\":\"https:\/\/www.pro4green.be\/fr\/campagne-dinspection-dg-cbe-secteur-vert-2025-2027-ce-que-chaque-entrepreneur-de-jardin-doit-savoir\/\"},\"wordCount\":362,\"publisher\":{\"@id\":\"https:\/\/www.pro4green.be\/fr\/#organization\"},\"image\":{\"@id\":\"https:\/\/www.pro4green.be\/fr\/campagne-dinspection-dg-cbe-secteur-vert-2025-2027-ce-que-chaque-entrepreneur-de-jardin-doit-savoir\/#primaryimage\"},\"thumbnailUrl\":\"https:\/\/www.pro4green.be\/wp-content\/uploads\/2025\/06\/AP1GczNk21-_rYbmmFbiWsXUPKCIbHVkZTZOcl5kt2N-RdW8R2h8egjSneJMRNd8quII1wC26bWSkkx-4c_4b2pqWc3i9TlqRAx0vzvsGh19ufphF6xD471QLdeumQWHKE6Aztf9ZrPBK9V-p9AT7L8rWh0Jw1024-h1024-s-no-gm.avif\",\"articleSection\":[\"Actualit\u00e9s\"],\"inLanguage\":\"fr-FR\"},{\"@type\":\"WebPage\",\"@id\":\"https:\/\/www.pro4green.be\/fr\/campagne-dinspection-dg-cbe-secteur-vert-2025-2027-ce-que-chaque-entrepreneur-de-jardin-doit-savoir\/\",\"url\":\"https:\/\/www.pro4green.be\/fr\/campagne-dinspection-dg-cbe-secteur-vert-2025-2027-ce-que-chaque-entrepreneur-de-jardin-doit-savoir\/\",\"name\":\"Campagne d\u2019inspection DG CBE \u2013 Secteur Vert (2025-2027) : Ce que chaque entrepreneur de jardin doit savoir - Pro4Green\",\"isPartOf\":{\"@id\":\"https:\/\/www.pro4green.be\/fr\/#website\"},\"primaryImageOfPage\":{\"@id\":\"https:\/\/www.pro4green.be\/fr\/campagne-dinspection-dg-cbe-secteur-vert-2025-2027-ce-que-chaque-entrepreneur-de-jardin-doit-savoir\/#primaryimage\"},\"image\":{\"@id\":\"https:\/\/www.pro4green.be\/fr\/campagne-dinspection-dg-cbe-secteur-vert-2025-2027-ce-que-chaque-entrepreneur-de-jardin-doit-savoir\/#primaryimage\"},\"thumbnailUrl\":\"https:\/\/www.pro4green.be\/wp-content\/uploads\/2025\/06\/AP1GczNk21-_rYbmmFbiWsXUPKCIbHVkZTZOcl5kt2N-RdW8R2h8egjSneJMRNd8quII1wC26bWSkkx-4c_4b2pqWc3i9TlqRAx0vzvsGh19ufphF6xD471QLdeumQWHKE6Aztf9ZrPBK9V-p9AT7L8rWh0Jw1024-h1024-s-no-gm.avif\",\"datePublished\":\"2025-06-04T23:00:00+00:00\",\"dateModified\":\"2025-06-10T08:48:33+00:00\",\"breadcrumb\":{\"@id\":\"https:\/\/www.pro4green.be\/fr\/campagne-dinspection-dg-cbe-secteur-vert-2025-2027-ce-que-chaque-entrepreneur-de-jardin-doit-savoir\/#breadcrumb\"},\"inLanguage\":\"fr-FR\",\"potentialAction\":[{\"@type\":\"ReadAction\",\"target\":[\"https:\/\/www.pro4green.be\/fr\/campagne-dinspection-dg-cbe-secteur-vert-2025-2027-ce-que-chaque-entrepreneur-de-jardin-doit-savoir\/\"]}]},{\"@type\":\"ImageObject\",\"inLanguage\":\"fr-FR\",\"@id\":\"https:\/\/www.pro4green.be\/fr\/campagne-dinspection-dg-cbe-secteur-vert-2025-2027-ce-que-chaque-entrepreneur-de-jardin-doit-savoir\/#primaryimage\",\"url\":\"https:\/\/www.pro4green.be\/wp-content\/uploads\/2025\/06\/AP1GczNk21-_rYbmmFbiWsXUPKCIbHVkZTZOcl5kt2N-RdW8R2h8egjSneJMRNd8quII1wC26bWSkkx-4c_4b2pqWc3i9TlqRAx0vzvsGh19ufphF6xD471QLdeumQWHKE6Aztf9ZrPBK9V-p9AT7L8rWh0Jw1024-h1024-s-no-gm.avif\",\"contentUrl\":\"https:\/\/www.pro4green.be\/wp-content\/uploads\/2025\/06\/AP1GczNk21-_rYbmmFbiWsXUPKCIbHVkZTZOcl5kt2N-RdW8R2h8egjSneJMRNd8quII1wC26bWSkkx-4c_4b2pqWc3i9TlqRAx0vzvsGh19ufphF6xD471QLdeumQWHKE6Aztf9ZrPBK9V-p9AT7L8rWh0Jw1024-h1024-s-no-gm.avif\",\"width\":1024,\"height\":1024},{\"@type\":\"BreadcrumbList\",\"@id\":\"https:\/\/www.pro4green.be\/fr\/campagne-dinspection-dg-cbe-secteur-vert-2025-2027-ce-que-chaque-entrepreneur-de-jardin-doit-savoir\/#breadcrumb\",\"itemListElement\":[{\"@type\":\"ListItem\",\"position\":1,\"name\":\"Home\",\"item\":\"https:\/\/www.pro4green.be\/fr\/\"},{\"@type\":\"ListItem\",\"position\":2,\"name\":\"Campagne d\u2019inspection DG CBE \u2013 Secteur Vert (2025-2027) : Ce que chaque entrepreneur de jardin doit savoir\"}]},{\"@type\":\"WebSite\",\"@id\":\"https:\/\/www.pro4green.be\/fr\/#website\",\"url\":\"https:\/\/www.pro4green.be\/fr\/\",\"name\":\"Pro4Green\",\"description\":\"Waar professionaliteit en kwaliteit elkaar vinden\",\"publisher\":{\"@id\":\"https:\/\/www.pro4green.be\/fr\/#organization\"},\"potentialAction\":[{\"@type\":\"SearchAction\",\"target\":{\"@type\":\"EntryPoint\",\"urlTemplate\":\"https:\/\/www.pro4green.be\/fr\/?s={search_term_string}\"},\"query-input\":{\"@type\":\"PropertyValueSpecification\",\"valueRequired\":true,\"valueName\":\"search_term_string\"}}],\"inLanguage\":\"fr-FR\"},{\"@type\":\"Organization\",\"@id\":\"https:\/\/www.pro4green.be\/fr\/#organization\",\"name\":\"Pro4Green\",\"url\":\"https:\/\/www.pro4green.be\/fr\/\",\"logo\":{\"@type\":\"ImageObject\",\"inLanguage\":\"fr-FR\",\"@id\":\"https:\/\/www.pro4green.be\/fr\/#\/schema\/logo\/image\/\",\"url\":\"https:\/\/www.pro4green.be\/wp-content\/uploads\/2024\/07\/PRO4GREEN-logo-pos.svg\",\"contentUrl\":\"https:\/\/www.pro4green.be\/wp-content\/uploads\/2024\/07\/PRO4GREEN-logo-pos.svg\",\"width\":500,\"height\":225,\"caption\":\"Pro4Green\"},\"image\":{\"@id\":\"https:\/\/www.pro4green.be\/fr\/#\/schema\/logo\/image\/\"}},{\"@type\":\"Person\",\"@id\":\"https:\/\/www.pro4green.be\/fr\/#\/schema\/person\/88b2095ddffff65211d5e8a118dd6e58\",\"name\":\"Pro4Green-Admin\",\"image\":{\"@type\":\"ImageObject\",\"inLanguage\":\"fr-FR\",\"@id\":\"https:\/\/www.pro4green.be\/fr\/#\/schema\/person\/image\/\",\"url\":\"https:\/\/secure.gravatar.com\/avatar\/7e8a29d0a461aec788e922b050fcb32f2e3c905d6fc208528cc9c31f44ab6aca?s=96&d=mm&r=g\",\"contentUrl\":\"https:\/\/secure.gravatar.com\/avatar\/7e8a29d0a461aec788e922b050fcb32f2e3c905d6fc208528cc9c31f44ab6aca?s=96&d=mm&r=g\",\"caption\":\"Pro4Green-Admin\"}}]}<\/script>\n<!-- \/ Yoast SEO plugin. -->","yoast_head_json":{"title":"Campagne d\u2019inspection DG CBE \u2013 Secteur Vert (2025-2027) : Ce que chaque entrepreneur de jardin doit savoir - Pro4Green","robots":{"index":"index","follow":"follow","max-snippet":"max-snippet:-1","max-image-preview":"max-image-preview:large","max-video-preview":"max-video-preview:-1"},"canonical":"https:\/\/www.pro4green.be\/fr\/campagne-dinspection-dg-cbe-secteur-vert-2025-2027-ce-que-chaque-entrepreneur-de-jardin-doit-savoir\/","og_locale":"fr_FR","og_type":"article","og_title":"Campagne d\u2019inspection DG CBE \u2013 Secteur Vert (2025-2027) : Ce que chaque entrepreneur de jardin doit savoir - Pro4Green","og_description":"De mi-2025 \u00e0 mi-2027, la Direction g\u00e9n\u00e9rale du Contr\u00f4le du bien-\u00eatre au travail m\u00e8nera...","og_url":"https:\/\/www.pro4green.be\/fr\/campagne-dinspection-dg-cbe-secteur-vert-2025-2027-ce-que-chaque-entrepreneur-de-jardin-doit-savoir\/","og_site_name":"Pro4Green","article_published_time":"2025-06-04T23:00:00+00:00","article_modified_time":"2025-06-10T08:48:33+00:00","og_image":[{"width":1024,"height":1024,"url":"https:\/\/www.pro4green.be\/wp-content\/uploads\/2025\/06\/AP1GczNk21-_rYbmmFbiWsXUPKCIbHVkZTZOcl5kt2N-RdW8R2h8egjSneJMRNd8quII1wC26bWSkkx-4c_4b2pqWc3i9TlqRAx0vzvsGh19ufphF6xD471QLdeumQWHKE6Aztf9ZrPBK9V-p9AT7L8rWh0Jw1024-h1024-s-no-gm.avif","type":"image\/jpeg"}],"author":"Pro4Green-Admin","twitter_card":"summary_large_image","schema":{"@context":"https:\/\/schema.org","@graph":[{"@type":"Article","@id":"https:\/\/www.pro4green.be\/fr\/campagne-dinspection-dg-cbe-secteur-vert-2025-2027-ce-que-chaque-entrepreneur-de-jardin-doit-savoir\/#article","isPartOf":{"@id":"https:\/\/www.pro4green.be\/fr\/campagne-dinspection-dg-cbe-secteur-vert-2025-2027-ce-que-chaque-entrepreneur-de-jardin-doit-savoir\/"},"author":{"name":"Pro4Green-Admin","@id":"https:\/\/www.pro4green.be\/fr\/#\/schema\/person\/88b2095ddffff65211d5e8a118dd6e58"},"headline":"Campagne d\u2019inspection DG CBE \u2013 Secteur Vert (2025-2027) : Ce que chaque entrepreneur de jardin doit savoir","datePublished":"2025-06-04T23:00:00+00:00","dateModified":"2025-06-10T08:48:33+00:00","mainEntityOfPage":{"@id":"https:\/\/www.pro4green.be\/fr\/campagne-dinspection-dg-cbe-secteur-vert-2025-2027-ce-que-chaque-entrepreneur-de-jardin-doit-savoir\/"},"wordCount":362,"publisher":{"@id":"https:\/\/www.pro4green.be\/fr\/#organization"},"image":{"@id":"https:\/\/www.pro4green.be\/fr\/campagne-dinspection-dg-cbe-secteur-vert-2025-2027-ce-que-chaque-entrepreneur-de-jardin-doit-savoir\/#primaryimage"},"thumbnailUrl":"https:\/\/www.pro4green.be\/wp-content\/uploads\/2025\/06\/AP1GczNk21-_rYbmmFbiWsXUPKCIbHVkZTZOcl5kt2N-RdW8R2h8egjSneJMRNd8quII1wC26bWSkkx-4c_4b2pqWc3i9TlqRAx0vzvsGh19ufphF6xD471QLdeumQWHKE6Aztf9ZrPBK9V-p9AT7L8rWh0Jw1024-h1024-s-no-gm.avif","articleSection":["Actualit\u00e9s"],"inLanguage":"fr-FR"},{"@type":"WebPage","@id":"https:\/\/www.pro4green.be\/fr\/campagne-dinspection-dg-cbe-secteur-vert-2025-2027-ce-que-chaque-entrepreneur-de-jardin-doit-savoir\/","url":"https:\/\/www.pro4green.be\/fr\/campagne-dinspection-dg-cbe-secteur-vert-2025-2027-ce-que-chaque-entrepreneur-de-jardin-doit-savoir\/","name":"Campagne d\u2019inspection DG CBE \u2013 Secteur Vert (2025-2027) : Ce que chaque entrepreneur de jardin doit savoir - Pro4Green","isPartOf":{"@id":"https:\/\/www.pro4green.be\/fr\/#website"},"primaryImageOfPage":{"@id":"https:\/\/www.pro4green.be\/fr\/campagne-dinspection-dg-cbe-secteur-vert-2025-2027-ce-que-chaque-entrepreneur-de-jardin-doit-savoir\/#primaryimage"},"image":{"@id":"https:\/\/www.pro4green.be\/fr\/campagne-dinspection-dg-cbe-secteur-vert-2025-2027-ce-que-chaque-entrepreneur-de-jardin-doit-savoir\/#primaryimage"},"thumbnailUrl":"https:\/\/www.pro4green.be\/wp-content\/uploads\/2025\/06\/AP1GczNk21-_rYbmmFbiWsXUPKCIbHVkZTZOcl5kt2N-RdW8R2h8egjSneJMRNd8quII1wC26bWSkkx-4c_4b2pqWc3i9TlqRAx0vzvsGh19ufphF6xD471QLdeumQWHKE6Aztf9ZrPBK9V-p9AT7L8rWh0Jw1024-h1024-s-no-gm.avif","datePublished":"2025-06-04T23:00:00+00:00","dateModified":"2025-06-10T08:48:33+00:00","breadcrumb":{"@id":"https:\/\/www.pro4green.be\/fr\/campagne-dinspection-dg-cbe-secteur-vert-2025-2027-ce-que-chaque-entrepreneur-de-jardin-doit-savoir\/#breadcrumb"},"inLanguage":"fr-FR","potentialAction":[{"@type":"ReadAction","target":["https:\/\/www.pro4green.be\/fr\/campagne-dinspection-dg-cbe-secteur-vert-2025-2027-ce-que-chaque-entrepreneur-de-jardin-doit-savoir\/"]}]},{"@type":"ImageObject","inLanguage":"fr-FR","@id":"https:\/\/www.pro4green.be\/fr\/campagne-dinspection-dg-cbe-secteur-vert-2025-2027-ce-que-chaque-entrepreneur-de-jardin-doit-savoir\/#primaryimage","url":"https:\/\/www.pro4green.be\/wp-content\/uploads\/2025\/06\/AP1GczNk21-_rYbmmFbiWsXUPKCIbHVkZTZOcl5kt2N-RdW8R2h8egjSneJMRNd8quII1wC26bWSkkx-4c_4b2pqWc3i9TlqRAx0vzvsGh19ufphF6xD471QLdeumQWHKE6Aztf9ZrPBK9V-p9AT7L8rWh0Jw1024-h1024-s-no-gm.avif","contentUrl":"https:\/\/www.pro4green.be\/wp-content\/uploads\/2025\/06\/AP1GczNk21-_rYbmmFbiWsXUPKCIbHVkZTZOcl5kt2N-RdW8R2h8egjSneJMRNd8quII1wC26bWSkkx-4c_4b2pqWc3i9TlqRAx0vzvsGh19ufphF6xD471QLdeumQWHKE6Aztf9ZrPBK9V-p9AT7L8rWh0Jw1024-h1024-s-no-gm.avif","width":1024,"height":1024},{"@type":"BreadcrumbList","@id":"https:\/\/www.pro4green.be\/fr\/campagne-dinspection-dg-cbe-secteur-vert-2025-2027-ce-que-chaque-entrepreneur-de-jardin-doit-savoir\/#breadcrumb","itemListElement":[{"@type":"ListItem","position":1,"name":"Home","item":"https:\/\/www.pro4green.be\/fr\/"},{"@type":"ListItem","position":2,"name":"Campagne d\u2019inspection DG CBE \u2013 Secteur Vert (2025-2027) : Ce que chaque entrepreneur de jardin doit savoir"}]},{"@type":"WebSite","@id":"https:\/\/www.pro4green.be\/fr\/#website","url":"https:\/\/www.pro4green.be\/fr\/","name":"Pro4Green","description":"Waar professionaliteit en kwaliteit elkaar vinden","publisher":{"@id":"https:\/\/www.pro4green.be\/fr\/#organization"},"potentialAction":[{"@type":"SearchAction","target":{"@type":"EntryPoint","urlTemplate":"https:\/\/www.pro4green.be\/fr\/?s={search_term_string}"},"query-input":{"@type":"PropertyValueSpecification","valueRequired":true,"valueName":"search_term_string"}}],"inLanguage":"fr-FR"},{"@type":"Organization","@id":"https:\/\/www.pro4green.be\/fr\/#organization","name":"Pro4Green","url":"https:\/\/www.pro4green.be\/fr\/","logo":{"@type":"ImageObject","inLanguage":"fr-FR","@id":"https:\/\/www.pro4green.be\/fr\/#\/schema\/logo\/image\/","url":"https:\/\/www.pro4green.be\/wp-content\/uploads\/2024\/07\/PRO4GREEN-logo-pos.svg","contentUrl":"https:\/\/www.pro4green.be\/wp-content\/uploads\/2024\/07\/PRO4GREEN-logo-pos.svg","width":500,"height":225,"caption":"Pro4Green"},"image":{"@id":"https:\/\/www.pro4green.be\/fr\/#\/schema\/logo\/image\/"}},{"@type":"Person","@id":"https:\/\/www.pro4green.be\/fr\/#\/schema\/person\/88b2095ddffff65211d5e8a118dd6e58","name":"Pro4Green-Admin","image":{"@type":"ImageObject","inLanguage":"fr-FR","@id":"https:\/\/www.pro4green.be\/fr\/#\/schema\/person\/image\/","url":"https:\/\/secure.gravatar.com\/avatar\/7e8a29d0a461aec788e922b050fcb32f2e3c905d6fc208528cc9c31f44ab6aca?s=96&d=mm&r=g","contentUrl":"https:\/\/secure.gravatar.com\/avatar\/7e8a29d0a461aec788e922b050fcb32f2e3c905d6fc208528cc9c31f44ab6aca?s=96&d=mm&r=g","caption":"Pro4Green-Admin"}}]}},"_links":{"self":[{"href":"https:\/\/www.pro4green.be\/fr\/wp-json\/wp\/v2\/posts\/29044","targetHints":{"allow":["GET"]}}],"collection":[{"href":"https:\/\/www.pro4green.be\/fr\/wp-json\/wp\/v2\/posts"}],"about":[{"href":"https:\/\/www.pro4green.be\/fr\/wp-json\/wp\/v2\/types\/post"}],"author":[{"embeddable":true,"href":"https:\/\/www.pro4green.be\/fr\/wp-json\/wp\/v2\/users\/26"}],"replies":[{"embeddable":true,"href":"https:\/\/www.pro4green.be\/fr\/wp-json\/wp\/v2\/comments?post=29044"}],"version-history":[{"count":1,"href":"https:\/\/www.pro4green.be\/fr\/wp-json\/wp\/v2\/posts\/29044\/revisions"}],"predecessor-version":[{"id":29047,"href":"https:\/\/www.pro4green.be\/fr\/wp-json\/wp\/v2\/posts\/29044\/revisions\/29047"}],"wp:featuredmedia":[{"embeddable":true,"href":"https:\/\/www.pro4green.be\/fr\/wp-json\/wp\/v2\/media\/29045"}],"wp:attachment":[{"href":"https:\/\/www.pro4green.be\/fr\/wp-json\/wp\/v2\/media?parent=29044"}],"wp:term":[{"taxonomy":"category","embeddable":true,"href":"https:\/\/www.pro4green.be\/fr\/wp-json\/wp\/v2\/categories?post=29044"},{"taxonomy":"post_tag","embeddable":true,"href":"https:\/\/www.pro4green.be\/fr\/wp-json\/wp\/v2\/tags?post=29044"},{"taxonomy":"association","embeddable":true,"href":"https:\/\/www.pro4green.be\/fr\/wp-json\/wp\/v2\/association?post=29044"}],"curies":[{"name":"wp","href":"https:\/\/api.w.org\/{rel}","templated":true}]}}