{"id":29492,"date":"2025-09-15T00:00:00","date_gmt":"2025-09-14T23:00:00","guid":{"rendered":"https:\/\/www.pro4green.be\/le-b-a-ba-de-la-gestion-des-risques-en-entreprise\/"},"modified":"2025-09-15T00:00:00","modified_gmt":"2025-09-14T23:00:00","slug":"le-b-a-ba-de-la-gestion-des-risques-en-entreprise","status":"publish","type":"post","link":"https:\/\/www.pro4green.be\/fr\/le-b-a-ba-de-la-gestion-des-risques-en-entreprise\/","title":{"rendered":"Le B.A-BA de la gestion des risques en entreprise"},"content":{"rendered":"<p>\u00catre entrepreneur de parcs et jardins implique des horaires exigeants, des t\u00e2ches vari\u00e9es et des risques importants. La loi du 4 ao\u00fbt 1996 impose \u00e0 tout employeur, quelle que soit la taille de l\u2019entreprise, de garantir la s\u00e9curit\u00e9 et la sant\u00e9 des travailleurs. Les obligations incluent l\u2019\u00e9laboration de plans de pr\u00e9vention, l\u2019analyse et la r\u00e9duction des risques, la mise \u00e0 disposition d\u2019EPI, la formation, la surveillance m\u00e9dicale et la gestion des urgences. Les acteurs cl\u00e9s sont le Service Interne (SIPPT), les services externes (SEPPT, SECT) et PreventAgri, qui accompagne gratuitement les entrepreneurs dans la pr\u00e9vention et l\u2019organisation de la s\u00e9curit\u00e9.<\/p>\n<p>\u00a9 F\u00e9d\u00e9ric Gastigny<br \/><a href=\"https:\/\/www.bfg-fbep.be\/fiche\/?fiche=10083&#038;nr=4bcd1336970edff3940633c39bc210e5\" target=\"_blank\">Dur\u00e9e de lecture<\/a>\u00a0<i class=\"far fa-clock\"><\/i> 6&#8243;<\/p>\n","protected":false},"excerpt":{"rendered":"<p>\u00catre entrepreneur de parcs et jardins implique des horaires exigeants, des t\u00e2ches vari\u00e9es et&#8230;<\/p>\n","protected":false},"author":26,"featured_media":29493,"comment_status":"closed","ping_status":"closed","sticky":false,"template":"","format":"standard","meta":{"_acf_changed":false,"inline_featured_image":false,"footnotes":""},"categories":[265],"tags":[],"association":[277],"class_list":["post-29492","post","type-post","status-publish","format-standard","has-post-thumbnail","hentry","category-actualites","association-pro4green-fr"],"acf":[],"yoast_head":"<!-- This site is optimized with the Yoast SEO plugin v27.1.1 - https:\/\/yoast.com\/product\/yoast-seo-wordpress\/ -->\n<title>Le B.A-BA de la gestion des risques en entreprise - Pro4Green<\/title>\n<meta name=\"robots\" content=\"index, follow, max-snippet:-1, max-image-preview:large, max-video-preview:-1\" \/>\n<link rel=\"canonical\" href=\"https:\/\/www.pro4green.be\/fr\/le-b-a-ba-de-la-gestion-des-risques-en-entreprise\/\" \/>\n<meta property=\"og:locale\" content=\"fr_FR\" \/>\n<meta property=\"og:type\" content=\"article\" \/>\n<meta property=\"og:title\" content=\"Le B.A-BA de la gestion des risques en entreprise - Pro4Green\" \/>\n<meta property=\"og:description\" content=\"\u00catre entrepreneur de parcs et jardins implique des horaires exigeants, des t\u00e2ches vari\u00e9es et...\" \/>\n<meta property=\"og:url\" content=\"https:\/\/www.pro4green.be\/fr\/le-b-a-ba-de-la-gestion-des-risques-en-entreprise\/\" \/>\n<meta property=\"og:site_name\" content=\"Pro4Green\" \/>\n<meta property=\"article:published_time\" content=\"2025-09-14T23:00:00+00:00\" \/>\n<meta property=\"og:image\" content=\"https:\/\/www.pro4green.be\/wp-content\/uploads\/2025\/09\/AP1GczNoMshzs_POPoPIM6fL8-OLNOP8e0WGI-9rbiAHKeRAE4NbBZgsD4BSbFBltL_g5gYNcBd4dkpgChTyNwyYsPeXrlYY5a3S1mFIlFRhuxuOHa-Gh6DD3usbfn8R9_F7n3EOIasuk-0bJxXKnOu1Lp-Tw1512-h1005-s-no-gm.avif\" \/>\n\t<meta property=\"og:image:width\" content=\"1512\" \/>\n\t<meta property=\"og:image:height\" content=\"1005\" \/>\n\t<meta property=\"og:image:type\" content=\"image\/jpeg\" \/>\n<meta name=\"author\" content=\"Pro4Green-Admin\" \/>\n<meta name=\"twitter:card\" content=\"summary_large_image\" \/>\n<script type=\"application\/ld+json\" class=\"yoast-schema-graph\">{\"@context\":\"https:\/\/schema.org\",\"@graph\":[{\"@type\":\"Article\",\"@id\":\"https:\/\/www.pro4green.be\/fr\/le-b-a-ba-de-la-gestion-des-risques-en-entreprise\/#article\",\"isPartOf\":{\"@id\":\"https:\/\/www.pro4green.be\/fr\/le-b-a-ba-de-la-gestion-des-risques-en-entreprise\/\"},\"author\":{\"name\":\"Pro4Green-Admin\",\"@id\":\"https:\/\/www.pro4green.be\/fr\/#\/schema\/person\/88b2095ddffff65211d5e8a118dd6e58\"},\"headline\":\"Le B.A-BA de la gestion des risques en entreprise\",\"datePublished\":\"2025-09-14T23:00:00+00:00\",\"mainEntityOfPage\":{\"@id\":\"https:\/\/www.pro4green.be\/fr\/le-b-a-ba-de-la-gestion-des-risques-en-entreprise\/\"},\"wordCount\":129,\"publisher\":{\"@id\":\"https:\/\/www.pro4green.be\/fr\/#organization\"},\"image\":{\"@id\":\"https:\/\/www.pro4green.be\/fr\/le-b-a-ba-de-la-gestion-des-risques-en-entreprise\/#primaryimage\"},\"thumbnailUrl\":\"https:\/\/www.pro4green.be\/wp-content\/uploads\/2025\/09\/AP1GczNoMshzs_POPoPIM6fL8-OLNOP8e0WGI-9rbiAHKeRAE4NbBZgsD4BSbFBltL_g5gYNcBd4dkpgChTyNwyYsPeXrlYY5a3S1mFIlFRhuxuOHa-Gh6DD3usbfn8R9_F7n3EOIasuk-0bJxXKnOu1Lp-Tw1512-h1005-s-no-gm.avif\",\"articleSection\":[\"Actualit\u00e9s\"],\"inLanguage\":\"fr-FR\"},{\"@type\":\"WebPage\",\"@id\":\"https:\/\/www.pro4green.be\/fr\/le-b-a-ba-de-la-gestion-des-risques-en-entreprise\/\",\"url\":\"https:\/\/www.pro4green.be\/fr\/le-b-a-ba-de-la-gestion-des-risques-en-entreprise\/\",\"name\":\"Le B.A-BA de la gestion des risques en entreprise - Pro4Green\",\"isPartOf\":{\"@id\":\"https:\/\/www.pro4green.be\/fr\/#website\"},\"primaryImageOfPage\":{\"@id\":\"https:\/\/www.pro4green.be\/fr\/le-b-a-ba-de-la-gestion-des-risques-en-entreprise\/#primaryimage\"},\"image\":{\"@id\":\"https:\/\/www.pro4green.be\/fr\/le-b-a-ba-de-la-gestion-des-risques-en-entreprise\/#primaryimage\"},\"thumbnailUrl\":\"https:\/\/www.pro4green.be\/wp-content\/uploads\/2025\/09\/AP1GczNoMshzs_POPoPIM6fL8-OLNOP8e0WGI-9rbiAHKeRAE4NbBZgsD4BSbFBltL_g5gYNcBd4dkpgChTyNwyYsPeXrlYY5a3S1mFIlFRhuxuOHa-Gh6DD3usbfn8R9_F7n3EOIasuk-0bJxXKnOu1Lp-Tw1512-h1005-s-no-gm.avif\",\"datePublished\":\"2025-09-14T23:00:00+00:00\",\"breadcrumb\":{\"@id\":\"https:\/\/www.pro4green.be\/fr\/le-b-a-ba-de-la-gestion-des-risques-en-entreprise\/#breadcrumb\"},\"inLanguage\":\"fr-FR\",\"potentialAction\":[{\"@type\":\"ReadAction\",\"target\":[\"https:\/\/www.pro4green.be\/fr\/le-b-a-ba-de-la-gestion-des-risques-en-entreprise\/\"]}]},{\"@type\":\"ImageObject\",\"inLanguage\":\"fr-FR\",\"@id\":\"https:\/\/www.pro4green.be\/fr\/le-b-a-ba-de-la-gestion-des-risques-en-entreprise\/#primaryimage\",\"url\":\"https:\/\/www.pro4green.be\/wp-content\/uploads\/2025\/09\/AP1GczNoMshzs_POPoPIM6fL8-OLNOP8e0WGI-9rbiAHKeRAE4NbBZgsD4BSbFBltL_g5gYNcBd4dkpgChTyNwyYsPeXrlYY5a3S1mFIlFRhuxuOHa-Gh6DD3usbfn8R9_F7n3EOIasuk-0bJxXKnOu1Lp-Tw1512-h1005-s-no-gm.avif\",\"contentUrl\":\"https:\/\/www.pro4green.be\/wp-content\/uploads\/2025\/09\/AP1GczNoMshzs_POPoPIM6fL8-OLNOP8e0WGI-9rbiAHKeRAE4NbBZgsD4BSbFBltL_g5gYNcBd4dkpgChTyNwyYsPeXrlYY5a3S1mFIlFRhuxuOHa-Gh6DD3usbfn8R9_F7n3EOIasuk-0bJxXKnOu1Lp-Tw1512-h1005-s-no-gm.avif\",\"width\":1512,\"height\":1005},{\"@type\":\"BreadcrumbList\",\"@id\":\"https:\/\/www.pro4green.be\/fr\/le-b-a-ba-de-la-gestion-des-risques-en-entreprise\/#breadcrumb\",\"itemListElement\":[{\"@type\":\"ListItem\",\"position\":1,\"name\":\"Home\",\"item\":\"https:\/\/www.pro4green.be\/fr\/\"},{\"@type\":\"ListItem\",\"position\":2,\"name\":\"Le B.A-BA de la gestion des risques en entreprise\"}]},{\"@type\":\"WebSite\",\"@id\":\"https:\/\/www.pro4green.be\/fr\/#website\",\"url\":\"https:\/\/www.pro4green.be\/fr\/\",\"name\":\"Pro4Green\",\"description\":\"Waar professionaliteit en kwaliteit elkaar vinden\",\"publisher\":{\"@id\":\"https:\/\/www.pro4green.be\/fr\/#organization\"},\"potentialAction\":[{\"@type\":\"SearchAction\",\"target\":{\"@type\":\"EntryPoint\",\"urlTemplate\":\"https:\/\/www.pro4green.be\/fr\/?s={search_term_string}\"},\"query-input\":{\"@type\":\"PropertyValueSpecification\",\"valueRequired\":true,\"valueName\":\"search_term_string\"}}],\"inLanguage\":\"fr-FR\"},{\"@type\":\"Organization\",\"@id\":\"https:\/\/www.pro4green.be\/fr\/#organization\",\"name\":\"Pro4Green\",\"url\":\"https:\/\/www.pro4green.be\/fr\/\",\"logo\":{\"@type\":\"ImageObject\",\"inLanguage\":\"fr-FR\",\"@id\":\"https:\/\/www.pro4green.be\/fr\/#\/schema\/logo\/image\/\",\"url\":\"https:\/\/www.pro4green.be\/wp-content\/uploads\/2024\/07\/PRO4GREEN-logo-pos.svg\",\"contentUrl\":\"https:\/\/www.pro4green.be\/wp-content\/uploads\/2024\/07\/PRO4GREEN-logo-pos.svg\",\"width\":500,\"height\":225,\"caption\":\"Pro4Green\"},\"image\":{\"@id\":\"https:\/\/www.pro4green.be\/fr\/#\/schema\/logo\/image\/\"}},{\"@type\":\"Person\",\"@id\":\"https:\/\/www.pro4green.be\/fr\/#\/schema\/person\/88b2095ddffff65211d5e8a118dd6e58\",\"name\":\"Pro4Green-Admin\",\"image\":{\"@type\":\"ImageObject\",\"inLanguage\":\"fr-FR\",\"@id\":\"https:\/\/www.pro4green.be\/fr\/#\/schema\/person\/image\/\",\"url\":\"https:\/\/secure.gravatar.com\/avatar\/7e8a29d0a461aec788e922b050fcb32f2e3c905d6fc208528cc9c31f44ab6aca?s=96&d=mm&r=g\",\"contentUrl\":\"https:\/\/secure.gravatar.com\/avatar\/7e8a29d0a461aec788e922b050fcb32f2e3c905d6fc208528cc9c31f44ab6aca?s=96&d=mm&r=g\",\"caption\":\"Pro4Green-Admin\"}}]}<\/script>\n<!-- \/ Yoast SEO plugin. -->","yoast_head_json":{"title":"Le B.A-BA de la gestion des risques en entreprise - Pro4Green","robots":{"index":"index","follow":"follow","max-snippet":"max-snippet:-1","max-image-preview":"max-image-preview:large","max-video-preview":"max-video-preview:-1"},"canonical":"https:\/\/www.pro4green.be\/fr\/le-b-a-ba-de-la-gestion-des-risques-en-entreprise\/","og_locale":"fr_FR","og_type":"article","og_title":"Le B.A-BA de la gestion des risques en entreprise - Pro4Green","og_description":"\u00catre entrepreneur de parcs et jardins implique des horaires exigeants, des t\u00e2ches vari\u00e9es et...","og_url":"https:\/\/www.pro4green.be\/fr\/le-b-a-ba-de-la-gestion-des-risques-en-entreprise\/","og_site_name":"Pro4Green","article_published_time":"2025-09-14T23:00:00+00:00","og_image":[{"width":1512,"height":1005,"url":"https:\/\/www.pro4green.be\/wp-content\/uploads\/2025\/09\/AP1GczNoMshzs_POPoPIM6fL8-OLNOP8e0WGI-9rbiAHKeRAE4NbBZgsD4BSbFBltL_g5gYNcBd4dkpgChTyNwyYsPeXrlYY5a3S1mFIlFRhuxuOHa-Gh6DD3usbfn8R9_F7n3EOIasuk-0bJxXKnOu1Lp-Tw1512-h1005-s-no-gm.avif","type":"image\/jpeg"}],"author":"Pro4Green-Admin","twitter_card":"summary_large_image","schema":{"@context":"https:\/\/schema.org","@graph":[{"@type":"Article","@id":"https:\/\/www.pro4green.be\/fr\/le-b-a-ba-de-la-gestion-des-risques-en-entreprise\/#article","isPartOf":{"@id":"https:\/\/www.pro4green.be\/fr\/le-b-a-ba-de-la-gestion-des-risques-en-entreprise\/"},"author":{"name":"Pro4Green-Admin","@id":"https:\/\/www.pro4green.be\/fr\/#\/schema\/person\/88b2095ddffff65211d5e8a118dd6e58"},"headline":"Le B.A-BA de la gestion des risques en entreprise","datePublished":"2025-09-14T23:00:00+00:00","mainEntityOfPage":{"@id":"https:\/\/www.pro4green.be\/fr\/le-b-a-ba-de-la-gestion-des-risques-en-entreprise\/"},"wordCount":129,"publisher":{"@id":"https:\/\/www.pro4green.be\/fr\/#organization"},"image":{"@id":"https:\/\/www.pro4green.be\/fr\/le-b-a-ba-de-la-gestion-des-risques-en-entreprise\/#primaryimage"},"thumbnailUrl":"https:\/\/www.pro4green.be\/wp-content\/uploads\/2025\/09\/AP1GczNoMshzs_POPoPIM6fL8-OLNOP8e0WGI-9rbiAHKeRAE4NbBZgsD4BSbFBltL_g5gYNcBd4dkpgChTyNwyYsPeXrlYY5a3S1mFIlFRhuxuOHa-Gh6DD3usbfn8R9_F7n3EOIasuk-0bJxXKnOu1Lp-Tw1512-h1005-s-no-gm.avif","articleSection":["Actualit\u00e9s"],"inLanguage":"fr-FR"},{"@type":"WebPage","@id":"https:\/\/www.pro4green.be\/fr\/le-b-a-ba-de-la-gestion-des-risques-en-entreprise\/","url":"https:\/\/www.pro4green.be\/fr\/le-b-a-ba-de-la-gestion-des-risques-en-entreprise\/","name":"Le B.A-BA de la gestion des risques en entreprise - Pro4Green","isPartOf":{"@id":"https:\/\/www.pro4green.be\/fr\/#website"},"primaryImageOfPage":{"@id":"https:\/\/www.pro4green.be\/fr\/le-b-a-ba-de-la-gestion-des-risques-en-entreprise\/#primaryimage"},"image":{"@id":"https:\/\/www.pro4green.be\/fr\/le-b-a-ba-de-la-gestion-des-risques-en-entreprise\/#primaryimage"},"thumbnailUrl":"https:\/\/www.pro4green.be\/wp-content\/uploads\/2025\/09\/AP1GczNoMshzs_POPoPIM6fL8-OLNOP8e0WGI-9rbiAHKeRAE4NbBZgsD4BSbFBltL_g5gYNcBd4dkpgChTyNwyYsPeXrlYY5a3S1mFIlFRhuxuOHa-Gh6DD3usbfn8R9_F7n3EOIasuk-0bJxXKnOu1Lp-Tw1512-h1005-s-no-gm.avif","datePublished":"2025-09-14T23:00:00+00:00","breadcrumb":{"@id":"https:\/\/www.pro4green.be\/fr\/le-b-a-ba-de-la-gestion-des-risques-en-entreprise\/#breadcrumb"},"inLanguage":"fr-FR","potentialAction":[{"@type":"ReadAction","target":["https:\/\/www.pro4green.be\/fr\/le-b-a-ba-de-la-gestion-des-risques-en-entreprise\/"]}]},{"@type":"ImageObject","inLanguage":"fr-FR","@id":"https:\/\/www.pro4green.be\/fr\/le-b-a-ba-de-la-gestion-des-risques-en-entreprise\/#primaryimage","url":"https:\/\/www.pro4green.be\/wp-content\/uploads\/2025\/09\/AP1GczNoMshzs_POPoPIM6fL8-OLNOP8e0WGI-9rbiAHKeRAE4NbBZgsD4BSbFBltL_g5gYNcBd4dkpgChTyNwyYsPeXrlYY5a3S1mFIlFRhuxuOHa-Gh6DD3usbfn8R9_F7n3EOIasuk-0bJxXKnOu1Lp-Tw1512-h1005-s-no-gm.avif","contentUrl":"https:\/\/www.pro4green.be\/wp-content\/uploads\/2025\/09\/AP1GczNoMshzs_POPoPIM6fL8-OLNOP8e0WGI-9rbiAHKeRAE4NbBZgsD4BSbFBltL_g5gYNcBd4dkpgChTyNwyYsPeXrlYY5a3S1mFIlFRhuxuOHa-Gh6DD3usbfn8R9_F7n3EOIasuk-0bJxXKnOu1Lp-Tw1512-h1005-s-no-gm.avif","width":1512,"height":1005},{"@type":"BreadcrumbList","@id":"https:\/\/www.pro4green.be\/fr\/le-b-a-ba-de-la-gestion-des-risques-en-entreprise\/#breadcrumb","itemListElement":[{"@type":"ListItem","position":1,"name":"Home","item":"https:\/\/www.pro4green.be\/fr\/"},{"@type":"ListItem","position":2,"name":"Le B.A-BA de la gestion des risques en entreprise"}]},{"@type":"WebSite","@id":"https:\/\/www.pro4green.be\/fr\/#website","url":"https:\/\/www.pro4green.be\/fr\/","name":"Pro4Green","description":"Waar professionaliteit en kwaliteit elkaar vinden","publisher":{"@id":"https:\/\/www.pro4green.be\/fr\/#organization"},"potentialAction":[{"@type":"SearchAction","target":{"@type":"EntryPoint","urlTemplate":"https:\/\/www.pro4green.be\/fr\/?s={search_term_string}"},"query-input":{"@type":"PropertyValueSpecification","valueRequired":true,"valueName":"search_term_string"}}],"inLanguage":"fr-FR"},{"@type":"Organization","@id":"https:\/\/www.pro4green.be\/fr\/#organization","name":"Pro4Green","url":"https:\/\/www.pro4green.be\/fr\/","logo":{"@type":"ImageObject","inLanguage":"fr-FR","@id":"https:\/\/www.pro4green.be\/fr\/#\/schema\/logo\/image\/","url":"https:\/\/www.pro4green.be\/wp-content\/uploads\/2024\/07\/PRO4GREEN-logo-pos.svg","contentUrl":"https:\/\/www.pro4green.be\/wp-content\/uploads\/2024\/07\/PRO4GREEN-logo-pos.svg","width":500,"height":225,"caption":"Pro4Green"},"image":{"@id":"https:\/\/www.pro4green.be\/fr\/#\/schema\/logo\/image\/"}},{"@type":"Person","@id":"https:\/\/www.pro4green.be\/fr\/#\/schema\/person\/88b2095ddffff65211d5e8a118dd6e58","name":"Pro4Green-Admin","image":{"@type":"ImageObject","inLanguage":"fr-FR","@id":"https:\/\/www.pro4green.be\/fr\/#\/schema\/person\/image\/","url":"https:\/\/secure.gravatar.com\/avatar\/7e8a29d0a461aec788e922b050fcb32f2e3c905d6fc208528cc9c31f44ab6aca?s=96&d=mm&r=g","contentUrl":"https:\/\/secure.gravatar.com\/avatar\/7e8a29d0a461aec788e922b050fcb32f2e3c905d6fc208528cc9c31f44ab6aca?s=96&d=mm&r=g","caption":"Pro4Green-Admin"}}]}},"_links":{"self":[{"href":"https:\/\/www.pro4green.be\/fr\/wp-json\/wp\/v2\/posts\/29492","targetHints":{"allow":["GET"]}}],"collection":[{"href":"https:\/\/www.pro4green.be\/fr\/wp-json\/wp\/v2\/posts"}],"about":[{"href":"https:\/\/www.pro4green.be\/fr\/wp-json\/wp\/v2\/types\/post"}],"author":[{"embeddable":true,"href":"https:\/\/www.pro4green.be\/fr\/wp-json\/wp\/v2\/users\/26"}],"replies":[{"embeddable":true,"href":"https:\/\/www.pro4green.be\/fr\/wp-json\/wp\/v2\/comments?post=29492"}],"version-history":[{"count":0,"href":"https:\/\/www.pro4green.be\/fr\/wp-json\/wp\/v2\/posts\/29492\/revisions"}],"wp:featuredmedia":[{"embeddable":true,"href":"https:\/\/www.pro4green.be\/fr\/wp-json\/wp\/v2\/media\/29493"}],"wp:attachment":[{"href":"https:\/\/www.pro4green.be\/fr\/wp-json\/wp\/v2\/media?parent=29492"}],"wp:term":[{"taxonomy":"category","embeddable":true,"href":"https:\/\/www.pro4green.be\/fr\/wp-json\/wp\/v2\/categories?post=29492"},{"taxonomy":"post_tag","embeddable":true,"href":"https:\/\/www.pro4green.be\/fr\/wp-json\/wp\/v2\/tags?post=29492"},{"taxonomy":"association","embeddable":true,"href":"https:\/\/www.pro4green.be\/fr\/wp-json\/wp\/v2\/association?post=29492"}],"curies":[{"name":"wp","href":"https:\/\/api.w.org\/{rel}","templated":true}]}}