{"id":29743,"date":"2025-09-16T00:00:00","date_gmt":"2025-09-15T23:00:00","guid":{"rendered":"https:\/\/www.pro4green.be\/amenagement-des-parcs-et-jardins-deux-jeunes-talents-belges-sur-le-podium-international-worldskills-belgium-euroskills\/"},"modified":"2025-09-16T00:00:00","modified_gmt":"2025-09-15T23:00:00","slug":"amenagement-des-parcs-et-jardins-deux-jeunes-talents-belges-sur-le-podium-international-worldskills-belgium-euroskills","status":"publish","type":"post","link":"https:\/\/www.pro4green.be\/fr\/amenagement-des-parcs-et-jardins-deux-jeunes-talents-belges-sur-le-podium-international-worldskills-belgium-euroskills\/","title":{"rendered":"Am\u00e9nagement des parcs et jardins : deux jeunes talents belges sur le podium international !  Worldskills Belgium &#8211; EuroSkills"},"content":{"rendered":"<p>La F\u00e9d\u00e9ration Pro4Green salue la m\u00e9daille de bronze remport\u00e9e par Louis Lemaitre et Math\u00e9o Bebronne, les Belgian Bears, \u00e0 EuroSkills Herning en Am\u00e9nagement des Parcs et Jardins. Ce succ\u00e8s incarne l\u2019excellence d\u2019un m\u00e9tier exigeant, alliant technicit\u00e9, cr\u00e9ativit\u00e9 et engagement durable. \u00c0 travers leur parcours, c\u2019est toute une profession qui se voit valoris\u00e9e : celle des entrepreneurs paysagistes, acteurs essentiels du cadre de vie et de la transition \u00e9cologique.<\/p>\n<p>Louis et Math\u00e9o deviennent une source d\u2019inspiration pour la rel\u00e8ve. Leur performance envoie un message fort aux jeunes : entrepreneur de jardin est un m\u00e9tier porteur de sens, au service du vivant et du bien-\u00eatre collectif. Ce r\u00e9sultat est aussi le fruit d\u2019un travail d\u2019\u00e9quipe, mobilisant formateurs, coachs et partenaires.<\/p>\n<p>Pour les professionnels du secteur, cette reconnaissance souligne l\u2019importance de renforcer les formations et de valoriser les comp\u00e9tences. \u00catre entrepreneur de jardin paysagiste aujourd\u2019hui, c\u2019est penser les espaces de demain, avec responsabilit\u00e9 et ambition. La F\u00e9d\u00e9ration Pro4Green soutien les talents et une fili\u00e8re tourn\u00e9e vers l\u2019avenir. Bravo \u00e0 Louis et Math\u00e9o : leur r\u00e9ussite est celle de tout un m\u00e9tier.<\/p>\n<p>\u00a9 Dominique Latteur<br \/><a href=\"https:\/\/www.bfg-fbep.be\/fiche\/?fiche=10103&#038;nr=68753561bb921819c19da258e3e6abb5\" target=\"_blank\">Dur\u00e9e de lecture<\/a>\u00a0<i class=\"far fa-clock\"><\/i> 3&#8243;<\/p>\n","protected":false},"excerpt":{"rendered":"<p>La F\u00e9d\u00e9ration Pro4Green salue la m\u00e9daille de bronze remport\u00e9e par Louis Lemaitre et Math\u00e9o&#8230;<\/p>\n","protected":false},"author":26,"featured_media":29744,"comment_status":"closed","ping_status":"closed","sticky":false,"template":"","format":"standard","meta":{"_acf_changed":false,"inline_featured_image":false,"footnotes":""},"categories":[265],"tags":[],"association":[277],"class_list":["post-29743","post","type-post","status-publish","format-standard","has-post-thumbnail","hentry","category-actualites","association-pro4green-fr"],"acf":[],"yoast_head":"<!-- This site is optimized with the Yoast SEO plugin v27.1.1 - https:\/\/yoast.com\/product\/yoast-seo-wordpress\/ -->\n<title>Am\u00e9nagement des parcs et jardins : deux jeunes talents belges sur le podium international ! Worldskills Belgium - EuroSkills - Pro4Green<\/title>\n<meta name=\"robots\" content=\"index, follow, max-snippet:-1, max-image-preview:large, max-video-preview:-1\" \/>\n<link rel=\"canonical\" href=\"https:\/\/www.pro4green.be\/fr\/amenagement-des-parcs-et-jardins-deux-jeunes-talents-belges-sur-le-podium-international-worldskills-belgium-euroskills\/\" \/>\n<meta property=\"og:locale\" content=\"fr_FR\" \/>\n<meta property=\"og:type\" content=\"article\" \/>\n<meta property=\"og:title\" content=\"Am\u00e9nagement des parcs et jardins : deux jeunes talents belges sur le podium international ! Worldskills Belgium - EuroSkills - Pro4Green\" \/>\n<meta property=\"og:description\" content=\"La F\u00e9d\u00e9ration Pro4Green salue la m\u00e9daille de bronze remport\u00e9e par Louis Lemaitre et Math\u00e9o...\" \/>\n<meta property=\"og:url\" content=\"https:\/\/www.pro4green.be\/fr\/amenagement-des-parcs-et-jardins-deux-jeunes-talents-belges-sur-le-podium-international-worldskills-belgium-euroskills\/\" \/>\n<meta property=\"og:site_name\" content=\"Pro4Green\" \/>\n<meta property=\"article:published_time\" content=\"2025-09-15T23:00:00+00:00\" \/>\n<meta property=\"og:image\" content=\"https:\/\/www.pro4green.be\/wp-content\/uploads\/2025\/11\/AP1GczOKIMT1idLivs3btYoisuL_egcfCmE2SJb3kFh6ug6lP1yUUGkekJ_o60cm-Z8NB2qBbu1s7JaH43OXN8hFpjGq0PDHcKuT0HVv1rwyySRIJre-WDN3H_RbV4d0RWhbutF8AHi326V5cBPdJ5hswVlXw1080-h720-s-no-gm.avif\" \/>\n\t<meta property=\"og:image:width\" content=\"1080\" \/>\n\t<meta property=\"og:image:height\" content=\"720\" \/>\n\t<meta property=\"og:image:type\" content=\"image\/jpeg\" \/>\n<meta name=\"author\" content=\"Pro4Green-Admin\" \/>\n<meta name=\"twitter:card\" content=\"summary_large_image\" \/>\n<script type=\"application\/ld+json\" class=\"yoast-schema-graph\">{\"@context\":\"https:\/\/schema.org\",\"@graph\":[{\"@type\":\"Article\",\"@id\":\"https:\/\/www.pro4green.be\/fr\/amenagement-des-parcs-et-jardins-deux-jeunes-talents-belges-sur-le-podium-international-worldskills-belgium-euroskills\/#article\",\"isPartOf\":{\"@id\":\"https:\/\/www.pro4green.be\/fr\/amenagement-des-parcs-et-jardins-deux-jeunes-talents-belges-sur-le-podium-international-worldskills-belgium-euroskills\/\"},\"author\":{\"name\":\"Pro4Green-Admin\",\"@id\":\"https:\/\/www.pro4green.be\/fr\/#\/schema\/person\/88b2095ddffff65211d5e8a118dd6e58\"},\"headline\":\"Am\u00e9nagement des parcs et jardins : deux jeunes talents belges sur le podium international ! Worldskills Belgium &#8211; EuroSkills\",\"datePublished\":\"2025-09-15T23:00:00+00:00\",\"mainEntityOfPage\":{\"@id\":\"https:\/\/www.pro4green.be\/fr\/amenagement-des-parcs-et-jardins-deux-jeunes-talents-belges-sur-le-podium-international-worldskills-belgium-euroskills\/\"},\"wordCount\":231,\"publisher\":{\"@id\":\"https:\/\/www.pro4green.be\/fr\/#organization\"},\"image\":{\"@id\":\"https:\/\/www.pro4green.be\/fr\/amenagement-des-parcs-et-jardins-deux-jeunes-talents-belges-sur-le-podium-international-worldskills-belgium-euroskills\/#primaryimage\"},\"thumbnailUrl\":\"https:\/\/www.pro4green.be\/wp-content\/uploads\/2025\/11\/AP1GczOKIMT1idLivs3btYoisuL_egcfCmE2SJb3kFh6ug6lP1yUUGkekJ_o60cm-Z8NB2qBbu1s7JaH43OXN8hFpjGq0PDHcKuT0HVv1rwyySRIJre-WDN3H_RbV4d0RWhbutF8AHi326V5cBPdJ5hswVlXw1080-h720-s-no-gm.avif\",\"articleSection\":[\"Actualit\u00e9s\"],\"inLanguage\":\"fr-FR\"},{\"@type\":\"WebPage\",\"@id\":\"https:\/\/www.pro4green.be\/fr\/amenagement-des-parcs-et-jardins-deux-jeunes-talents-belges-sur-le-podium-international-worldskills-belgium-euroskills\/\",\"url\":\"https:\/\/www.pro4green.be\/fr\/amenagement-des-parcs-et-jardins-deux-jeunes-talents-belges-sur-le-podium-international-worldskills-belgium-euroskills\/\",\"name\":\"Am\u00e9nagement des parcs et jardins : deux jeunes talents belges sur le podium international ! Worldskills Belgium - EuroSkills - Pro4Green\",\"isPartOf\":{\"@id\":\"https:\/\/www.pro4green.be\/fr\/#website\"},\"primaryImageOfPage\":{\"@id\":\"https:\/\/www.pro4green.be\/fr\/amenagement-des-parcs-et-jardins-deux-jeunes-talents-belges-sur-le-podium-international-worldskills-belgium-euroskills\/#primaryimage\"},\"image\":{\"@id\":\"https:\/\/www.pro4green.be\/fr\/amenagement-des-parcs-et-jardins-deux-jeunes-talents-belges-sur-le-podium-international-worldskills-belgium-euroskills\/#primaryimage\"},\"thumbnailUrl\":\"https:\/\/www.pro4green.be\/wp-content\/uploads\/2025\/11\/AP1GczOKIMT1idLivs3btYoisuL_egcfCmE2SJb3kFh6ug6lP1yUUGkekJ_o60cm-Z8NB2qBbu1s7JaH43OXN8hFpjGq0PDHcKuT0HVv1rwyySRIJre-WDN3H_RbV4d0RWhbutF8AHi326V5cBPdJ5hswVlXw1080-h720-s-no-gm.avif\",\"datePublished\":\"2025-09-15T23:00:00+00:00\",\"breadcrumb\":{\"@id\":\"https:\/\/www.pro4green.be\/fr\/amenagement-des-parcs-et-jardins-deux-jeunes-talents-belges-sur-le-podium-international-worldskills-belgium-euroskills\/#breadcrumb\"},\"inLanguage\":\"fr-FR\",\"potentialAction\":[{\"@type\":\"ReadAction\",\"target\":[\"https:\/\/www.pro4green.be\/fr\/amenagement-des-parcs-et-jardins-deux-jeunes-talents-belges-sur-le-podium-international-worldskills-belgium-euroskills\/\"]}]},{\"@type\":\"ImageObject\",\"inLanguage\":\"fr-FR\",\"@id\":\"https:\/\/www.pro4green.be\/fr\/amenagement-des-parcs-et-jardins-deux-jeunes-talents-belges-sur-le-podium-international-worldskills-belgium-euroskills\/#primaryimage\",\"url\":\"https:\/\/www.pro4green.be\/wp-content\/uploads\/2025\/11\/AP1GczOKIMT1idLivs3btYoisuL_egcfCmE2SJb3kFh6ug6lP1yUUGkekJ_o60cm-Z8NB2qBbu1s7JaH43OXN8hFpjGq0PDHcKuT0HVv1rwyySRIJre-WDN3H_RbV4d0RWhbutF8AHi326V5cBPdJ5hswVlXw1080-h720-s-no-gm.avif\",\"contentUrl\":\"https:\/\/www.pro4green.be\/wp-content\/uploads\/2025\/11\/AP1GczOKIMT1idLivs3btYoisuL_egcfCmE2SJb3kFh6ug6lP1yUUGkekJ_o60cm-Z8NB2qBbu1s7JaH43OXN8hFpjGq0PDHcKuT0HVv1rwyySRIJre-WDN3H_RbV4d0RWhbutF8AHi326V5cBPdJ5hswVlXw1080-h720-s-no-gm.avif\",\"width\":1080,\"height\":720},{\"@type\":\"BreadcrumbList\",\"@id\":\"https:\/\/www.pro4green.be\/fr\/amenagement-des-parcs-et-jardins-deux-jeunes-talents-belges-sur-le-podium-international-worldskills-belgium-euroskills\/#breadcrumb\",\"itemListElement\":[{\"@type\":\"ListItem\",\"position\":1,\"name\":\"Home\",\"item\":\"https:\/\/www.pro4green.be\/fr\/\"},{\"@type\":\"ListItem\",\"position\":2,\"name\":\"Am\u00e9nagement des parcs et jardins : deux jeunes talents belges sur le podium international ! Worldskills Belgium &#8211; EuroSkills\"}]},{\"@type\":\"WebSite\",\"@id\":\"https:\/\/www.pro4green.be\/fr\/#website\",\"url\":\"https:\/\/www.pro4green.be\/fr\/\",\"name\":\"Pro4Green\",\"description\":\"Waar professionaliteit en kwaliteit elkaar vinden\",\"publisher\":{\"@id\":\"https:\/\/www.pro4green.be\/fr\/#organization\"},\"potentialAction\":[{\"@type\":\"SearchAction\",\"target\":{\"@type\":\"EntryPoint\",\"urlTemplate\":\"https:\/\/www.pro4green.be\/fr\/?s={search_term_string}\"},\"query-input\":{\"@type\":\"PropertyValueSpecification\",\"valueRequired\":true,\"valueName\":\"search_term_string\"}}],\"inLanguage\":\"fr-FR\"},{\"@type\":\"Organization\",\"@id\":\"https:\/\/www.pro4green.be\/fr\/#organization\",\"name\":\"Pro4Green\",\"url\":\"https:\/\/www.pro4green.be\/fr\/\",\"logo\":{\"@type\":\"ImageObject\",\"inLanguage\":\"fr-FR\",\"@id\":\"https:\/\/www.pro4green.be\/fr\/#\/schema\/logo\/image\/\",\"url\":\"https:\/\/www.pro4green.be\/wp-content\/uploads\/2024\/07\/PRO4GREEN-logo-pos.svg\",\"contentUrl\":\"https:\/\/www.pro4green.be\/wp-content\/uploads\/2024\/07\/PRO4GREEN-logo-pos.svg\",\"width\":500,\"height\":225,\"caption\":\"Pro4Green\"},\"image\":{\"@id\":\"https:\/\/www.pro4green.be\/fr\/#\/schema\/logo\/image\/\"}},{\"@type\":\"Person\",\"@id\":\"https:\/\/www.pro4green.be\/fr\/#\/schema\/person\/88b2095ddffff65211d5e8a118dd6e58\",\"name\":\"Pro4Green-Admin\",\"image\":{\"@type\":\"ImageObject\",\"inLanguage\":\"fr-FR\",\"@id\":\"https:\/\/www.pro4green.be\/fr\/#\/schema\/person\/image\/\",\"url\":\"https:\/\/secure.gravatar.com\/avatar\/7e8a29d0a461aec788e922b050fcb32f2e3c905d6fc208528cc9c31f44ab6aca?s=96&d=mm&r=g\",\"contentUrl\":\"https:\/\/secure.gravatar.com\/avatar\/7e8a29d0a461aec788e922b050fcb32f2e3c905d6fc208528cc9c31f44ab6aca?s=96&d=mm&r=g\",\"caption\":\"Pro4Green-Admin\"}}]}<\/script>\n<!-- \/ Yoast SEO plugin. -->","yoast_head_json":{"title":"Am\u00e9nagement des parcs et jardins : deux jeunes talents belges sur le podium international ! Worldskills Belgium - EuroSkills - Pro4Green","robots":{"index":"index","follow":"follow","max-snippet":"max-snippet:-1","max-image-preview":"max-image-preview:large","max-video-preview":"max-video-preview:-1"},"canonical":"https:\/\/www.pro4green.be\/fr\/amenagement-des-parcs-et-jardins-deux-jeunes-talents-belges-sur-le-podium-international-worldskills-belgium-euroskills\/","og_locale":"fr_FR","og_type":"article","og_title":"Am\u00e9nagement des parcs et jardins : deux jeunes talents belges sur le podium international ! Worldskills Belgium - EuroSkills - Pro4Green","og_description":"La F\u00e9d\u00e9ration Pro4Green salue la m\u00e9daille de bronze remport\u00e9e par Louis Lemaitre et Math\u00e9o...","og_url":"https:\/\/www.pro4green.be\/fr\/amenagement-des-parcs-et-jardins-deux-jeunes-talents-belges-sur-le-podium-international-worldskills-belgium-euroskills\/","og_site_name":"Pro4Green","article_published_time":"2025-09-15T23:00:00+00:00","og_image":[{"width":1080,"height":720,"url":"https:\/\/www.pro4green.be\/wp-content\/uploads\/2025\/11\/AP1GczOKIMT1idLivs3btYoisuL_egcfCmE2SJb3kFh6ug6lP1yUUGkekJ_o60cm-Z8NB2qBbu1s7JaH43OXN8hFpjGq0PDHcKuT0HVv1rwyySRIJre-WDN3H_RbV4d0RWhbutF8AHi326V5cBPdJ5hswVlXw1080-h720-s-no-gm.avif","type":"image\/jpeg"}],"author":"Pro4Green-Admin","twitter_card":"summary_large_image","schema":{"@context":"https:\/\/schema.org","@graph":[{"@type":"Article","@id":"https:\/\/www.pro4green.be\/fr\/amenagement-des-parcs-et-jardins-deux-jeunes-talents-belges-sur-le-podium-international-worldskills-belgium-euroskills\/#article","isPartOf":{"@id":"https:\/\/www.pro4green.be\/fr\/amenagement-des-parcs-et-jardins-deux-jeunes-talents-belges-sur-le-podium-international-worldskills-belgium-euroskills\/"},"author":{"name":"Pro4Green-Admin","@id":"https:\/\/www.pro4green.be\/fr\/#\/schema\/person\/88b2095ddffff65211d5e8a118dd6e58"},"headline":"Am\u00e9nagement des parcs et jardins : deux jeunes talents belges sur le podium international ! Worldskills Belgium &#8211; EuroSkills","datePublished":"2025-09-15T23:00:00+00:00","mainEntityOfPage":{"@id":"https:\/\/www.pro4green.be\/fr\/amenagement-des-parcs-et-jardins-deux-jeunes-talents-belges-sur-le-podium-international-worldskills-belgium-euroskills\/"},"wordCount":231,"publisher":{"@id":"https:\/\/www.pro4green.be\/fr\/#organization"},"image":{"@id":"https:\/\/www.pro4green.be\/fr\/amenagement-des-parcs-et-jardins-deux-jeunes-talents-belges-sur-le-podium-international-worldskills-belgium-euroskills\/#primaryimage"},"thumbnailUrl":"https:\/\/www.pro4green.be\/wp-content\/uploads\/2025\/11\/AP1GczOKIMT1idLivs3btYoisuL_egcfCmE2SJb3kFh6ug6lP1yUUGkekJ_o60cm-Z8NB2qBbu1s7JaH43OXN8hFpjGq0PDHcKuT0HVv1rwyySRIJre-WDN3H_RbV4d0RWhbutF8AHi326V5cBPdJ5hswVlXw1080-h720-s-no-gm.avif","articleSection":["Actualit\u00e9s"],"inLanguage":"fr-FR"},{"@type":"WebPage","@id":"https:\/\/www.pro4green.be\/fr\/amenagement-des-parcs-et-jardins-deux-jeunes-talents-belges-sur-le-podium-international-worldskills-belgium-euroskills\/","url":"https:\/\/www.pro4green.be\/fr\/amenagement-des-parcs-et-jardins-deux-jeunes-talents-belges-sur-le-podium-international-worldskills-belgium-euroskills\/","name":"Am\u00e9nagement des parcs et jardins : deux jeunes talents belges sur le podium international ! Worldskills Belgium - EuroSkills - Pro4Green","isPartOf":{"@id":"https:\/\/www.pro4green.be\/fr\/#website"},"primaryImageOfPage":{"@id":"https:\/\/www.pro4green.be\/fr\/amenagement-des-parcs-et-jardins-deux-jeunes-talents-belges-sur-le-podium-international-worldskills-belgium-euroskills\/#primaryimage"},"image":{"@id":"https:\/\/www.pro4green.be\/fr\/amenagement-des-parcs-et-jardins-deux-jeunes-talents-belges-sur-le-podium-international-worldskills-belgium-euroskills\/#primaryimage"},"thumbnailUrl":"https:\/\/www.pro4green.be\/wp-content\/uploads\/2025\/11\/AP1GczOKIMT1idLivs3btYoisuL_egcfCmE2SJb3kFh6ug6lP1yUUGkekJ_o60cm-Z8NB2qBbu1s7JaH43OXN8hFpjGq0PDHcKuT0HVv1rwyySRIJre-WDN3H_RbV4d0RWhbutF8AHi326V5cBPdJ5hswVlXw1080-h720-s-no-gm.avif","datePublished":"2025-09-15T23:00:00+00:00","breadcrumb":{"@id":"https:\/\/www.pro4green.be\/fr\/amenagement-des-parcs-et-jardins-deux-jeunes-talents-belges-sur-le-podium-international-worldskills-belgium-euroskills\/#breadcrumb"},"inLanguage":"fr-FR","potentialAction":[{"@type":"ReadAction","target":["https:\/\/www.pro4green.be\/fr\/amenagement-des-parcs-et-jardins-deux-jeunes-talents-belges-sur-le-podium-international-worldskills-belgium-euroskills\/"]}]},{"@type":"ImageObject","inLanguage":"fr-FR","@id":"https:\/\/www.pro4green.be\/fr\/amenagement-des-parcs-et-jardins-deux-jeunes-talents-belges-sur-le-podium-international-worldskills-belgium-euroskills\/#primaryimage","url":"https:\/\/www.pro4green.be\/wp-content\/uploads\/2025\/11\/AP1GczOKIMT1idLivs3btYoisuL_egcfCmE2SJb3kFh6ug6lP1yUUGkekJ_o60cm-Z8NB2qBbu1s7JaH43OXN8hFpjGq0PDHcKuT0HVv1rwyySRIJre-WDN3H_RbV4d0RWhbutF8AHi326V5cBPdJ5hswVlXw1080-h720-s-no-gm.avif","contentUrl":"https:\/\/www.pro4green.be\/wp-content\/uploads\/2025\/11\/AP1GczOKIMT1idLivs3btYoisuL_egcfCmE2SJb3kFh6ug6lP1yUUGkekJ_o60cm-Z8NB2qBbu1s7JaH43OXN8hFpjGq0PDHcKuT0HVv1rwyySRIJre-WDN3H_RbV4d0RWhbutF8AHi326V5cBPdJ5hswVlXw1080-h720-s-no-gm.avif","width":1080,"height":720},{"@type":"BreadcrumbList","@id":"https:\/\/www.pro4green.be\/fr\/amenagement-des-parcs-et-jardins-deux-jeunes-talents-belges-sur-le-podium-international-worldskills-belgium-euroskills\/#breadcrumb","itemListElement":[{"@type":"ListItem","position":1,"name":"Home","item":"https:\/\/www.pro4green.be\/fr\/"},{"@type":"ListItem","position":2,"name":"Am\u00e9nagement des parcs et jardins : deux jeunes talents belges sur le podium international ! Worldskills Belgium &#8211; EuroSkills"}]},{"@type":"WebSite","@id":"https:\/\/www.pro4green.be\/fr\/#website","url":"https:\/\/www.pro4green.be\/fr\/","name":"Pro4Green","description":"Waar professionaliteit en kwaliteit elkaar vinden","publisher":{"@id":"https:\/\/www.pro4green.be\/fr\/#organization"},"potentialAction":[{"@type":"SearchAction","target":{"@type":"EntryPoint","urlTemplate":"https:\/\/www.pro4green.be\/fr\/?s={search_term_string}"},"query-input":{"@type":"PropertyValueSpecification","valueRequired":true,"valueName":"search_term_string"}}],"inLanguage":"fr-FR"},{"@type":"Organization","@id":"https:\/\/www.pro4green.be\/fr\/#organization","name":"Pro4Green","url":"https:\/\/www.pro4green.be\/fr\/","logo":{"@type":"ImageObject","inLanguage":"fr-FR","@id":"https:\/\/www.pro4green.be\/fr\/#\/schema\/logo\/image\/","url":"https:\/\/www.pro4green.be\/wp-content\/uploads\/2024\/07\/PRO4GREEN-logo-pos.svg","contentUrl":"https:\/\/www.pro4green.be\/wp-content\/uploads\/2024\/07\/PRO4GREEN-logo-pos.svg","width":500,"height":225,"caption":"Pro4Green"},"image":{"@id":"https:\/\/www.pro4green.be\/fr\/#\/schema\/logo\/image\/"}},{"@type":"Person","@id":"https:\/\/www.pro4green.be\/fr\/#\/schema\/person\/88b2095ddffff65211d5e8a118dd6e58","name":"Pro4Green-Admin","image":{"@type":"ImageObject","inLanguage":"fr-FR","@id":"https:\/\/www.pro4green.be\/fr\/#\/schema\/person\/image\/","url":"https:\/\/secure.gravatar.com\/avatar\/7e8a29d0a461aec788e922b050fcb32f2e3c905d6fc208528cc9c31f44ab6aca?s=96&d=mm&r=g","contentUrl":"https:\/\/secure.gravatar.com\/avatar\/7e8a29d0a461aec788e922b050fcb32f2e3c905d6fc208528cc9c31f44ab6aca?s=96&d=mm&r=g","caption":"Pro4Green-Admin"}}]}},"_links":{"self":[{"href":"https:\/\/www.pro4green.be\/fr\/wp-json\/wp\/v2\/posts\/29743","targetHints":{"allow":["GET"]}}],"collection":[{"href":"https:\/\/www.pro4green.be\/fr\/wp-json\/wp\/v2\/posts"}],"about":[{"href":"https:\/\/www.pro4green.be\/fr\/wp-json\/wp\/v2\/types\/post"}],"author":[{"embeddable":true,"href":"https:\/\/www.pro4green.be\/fr\/wp-json\/wp\/v2\/users\/26"}],"replies":[{"embeddable":true,"href":"https:\/\/www.pro4green.be\/fr\/wp-json\/wp\/v2\/comments?post=29743"}],"version-history":[{"count":0,"href":"https:\/\/www.pro4green.be\/fr\/wp-json\/wp\/v2\/posts\/29743\/revisions"}],"wp:featuredmedia":[{"embeddable":true,"href":"https:\/\/www.pro4green.be\/fr\/wp-json\/wp\/v2\/media\/29744"}],"wp:attachment":[{"href":"https:\/\/www.pro4green.be\/fr\/wp-json\/wp\/v2\/media?parent=29743"}],"wp:term":[{"taxonomy":"category","embeddable":true,"href":"https:\/\/www.pro4green.be\/fr\/wp-json\/wp\/v2\/categories?post=29743"},{"taxonomy":"post_tag","embeddable":true,"href":"https:\/\/www.pro4green.be\/fr\/wp-json\/wp\/v2\/tags?post=29743"},{"taxonomy":"association","embeddable":true,"href":"https:\/\/www.pro4green.be\/fr\/wp-json\/wp\/v2\/association?post=29743"}],"curies":[{"name":"wp","href":"https:\/\/api.w.org\/{rel}","templated":true}]}}