{"id":30264,"date":"2026-03-03T00:00:00","date_gmt":"2026-03-02T23:00:00","guid":{"rendered":"https:\/\/www.pro4green.be\/la-strate-herbacee-comme-boussole-en-foret\/"},"modified":"2026-03-03T00:00:00","modified_gmt":"2026-03-02T23:00:00","slug":"la-strate-herbacee-comme-boussole-en-foret","status":"publish","type":"post","link":"https:\/\/www.pro4green.be\/fr\/la-strate-herbacee-comme-boussole-en-foret\/","title":{"rendered":"La strate herbac\u00e9e comme boussole en for\u00eat"},"content":{"rendered":"<p>La v\u00e9g\u00e9tation herbac\u00e9e constitue un indicateur essentiel pour la classification des types forestiers, en particulier des types d\u2019habitats et des objectifs de conservation en for\u00eat. Contrairement aux arbres, souvent plant\u00e9s et donc moins fiables comme indicateurs, la strate herbac\u00e9e a \u00e9t\u00e9 beaucoup moins modifi\u00e9e par l\u2019homme. Elle r\u00e9agit directement au type de sol, au r\u00e9gime hydrique, au climat, aux interactions entre esp\u00e8ces et \u00e0 la gestion. Les plantes dites d\u2019ancienne for\u00eat sont particuli\u00e8rement pr\u00e9cieuses : leur dispersion est extr\u00eamement lente et elles n\u2019apparaissent que dans des for\u00eats \u00e0 longue continuit\u00e9 et faiblement perturb\u00e9es.<\/p>\n<p>Ces esp\u00e8ces forment des communaut\u00e9s v\u00e9g\u00e9tales coh\u00e9rentes, non pas des assemblages fortuits, mais des syst\u00e8mes dynamiques en relation \u00e9troite avec leur station. Les communaut\u00e9s pionni\u00e8res se d\u00e9veloppent rapidement, tandis que les communaut\u00e9s climaciques n\u00e9cessitent parfois des si\u00e8cles d\u2019\u00e9volution. La strate herbac\u00e9e ne r\u00e9v\u00e8le donc pas seulement ce qu\u2019est une for\u00eat, mais aussi depuis combien de temps et dans quelles conditions elle a pu se d\u00e9velopper.<\/p>\n<p>\u00c9tant donn\u00e9 que des esp\u00e8ces telles que le ma\u00efanth\u00e8me ou l\u2019an\u00e9mone des bois se dispersent tr\u00e8s lentement, leur pr\u00e9sence indique souvent une couverture foresti\u00e8re ininterrompue remontant au XVIIIe si\u00e8cle. En Flandre, la carte de Ferraris (1770\u20131778) constitue la r\u00e9f\u00e9rence historique : les for\u00eats rest\u00e9es bois\u00e9es en permanence depuis cette \u00e9poque sont qualifi\u00e9es de for\u00eats historiques permanentes.<\/p>\n<p>Bien que la strate herbac\u00e9e fournisse un indice \u00e9cologique puissant de cette anciennet\u00e9, elle ne constitue pas \u00e0 elle seule une preuve juridique d\u00e9finitive. La r\u00e9f\u00e9rence absolue pour identifier une \u00ab for\u00eat ancienne \u00bb reste la combinaison de la cartographie historique et de la confirmation par ces indicateurs v\u00e9g\u00e9taux critiques.<\/p>\n<p>\u00a9 Karin Geboes<br \/><a href=\"https:\/\/www.bfg-fbep.be\/fiche\/?fiche=10195&#038;nr=fb96360051d2006756d23bea87597579\" target=\"_blank\">Dur\u00e9e de lecture<\/a>\u00a0<i class=\"far fa-clock\"><\/i> 3&#8243;<\/p>\n","protected":false},"excerpt":{"rendered":"<p>La v\u00e9g\u00e9tation herbac\u00e9e constitue un indicateur essentiel pour la classification des types&#8230;<\/p>\n","protected":false},"author":26,"featured_media":30265,"comment_status":"closed","ping_status":"closed","sticky":false,"template":"","format":"standard","meta":{"_acf_changed":false,"inline_featured_image":false,"footnotes":""},"categories":[265],"tags":[],"association":[277],"class_list":["post-30264","post","type-post","status-publish","format-standard","has-post-thumbnail","hentry","category-actualites","association-pro4green-fr"],"acf":[],"yoast_head":"<!-- This site is optimized with the Yoast SEO plugin v27.1.1 - https:\/\/yoast.com\/product\/yoast-seo-wordpress\/ -->\n<title>La strate herbac\u00e9e comme boussole en for\u00eat - Pro4Green<\/title>\n<meta name=\"robots\" content=\"index, follow, max-snippet:-1, max-image-preview:large, max-video-preview:-1\" \/>\n<link rel=\"canonical\" href=\"https:\/\/www.pro4green.be\/fr\/la-strate-herbacee-comme-boussole-en-foret\/\" \/>\n<meta property=\"og:locale\" content=\"fr_FR\" \/>\n<meta property=\"og:type\" content=\"article\" \/>\n<meta property=\"og:title\" content=\"La strate herbac\u00e9e comme boussole en for\u00eat - Pro4Green\" \/>\n<meta property=\"og:description\" content=\"La v\u00e9g\u00e9tation herbac\u00e9e constitue un indicateur essentiel pour la classification des types...\" \/>\n<meta property=\"og:url\" content=\"https:\/\/www.pro4green.be\/fr\/la-strate-herbacee-comme-boussole-en-foret\/\" \/>\n<meta property=\"og:site_name\" content=\"Pro4Green\" \/>\n<meta property=\"article:published_time\" content=\"2026-03-02T23:00:00+00:00\" \/>\n<meta property=\"og:image\" content=\"https:\/\/www.pro4green.be\/wp-content\/uploads\/2026\/03\/AP1GczOjwRQiD02_i29c-BlUMCkNNr7iMb4-zpDUD8zyeEbgGhg_BcTb2rv1nQJGJWoDotKqMaQx30UouUodjzAwXijL0MsA55Hyjk6bQEaeNfCW5n5KX8R78C8g4qUZzddtLidpkVIVAxA9qjin1tvsXZqZw695-h460-s-no-gm.avif\" \/>\n\t<meta property=\"og:image:width\" content=\"695\" \/>\n\t<meta property=\"og:image:height\" content=\"460\" \/>\n\t<meta property=\"og:image:type\" content=\"image\/jpeg\" \/>\n<meta name=\"author\" content=\"Pro4Green-Admin\" \/>\n<meta name=\"twitter:card\" content=\"summary_large_image\" \/>\n<script type=\"application\/ld+json\" class=\"yoast-schema-graph\">{\"@context\":\"https:\/\/schema.org\",\"@graph\":[{\"@type\":\"Article\",\"@id\":\"https:\/\/www.pro4green.be\/fr\/la-strate-herbacee-comme-boussole-en-foret\/#article\",\"isPartOf\":{\"@id\":\"https:\/\/www.pro4green.be\/fr\/la-strate-herbacee-comme-boussole-en-foret\/\"},\"author\":{\"name\":\"Pro4Green-Admin\",\"@id\":\"https:\/\/www.pro4green.be\/fr\/#\/schema\/person\/88b2095ddffff65211d5e8a118dd6e58\"},\"headline\":\"La strate herbac\u00e9e comme boussole en for\u00eat\",\"datePublished\":\"2026-03-02T23:00:00+00:00\",\"mainEntityOfPage\":{\"@id\":\"https:\/\/www.pro4green.be\/fr\/la-strate-herbacee-comme-boussole-en-foret\/\"},\"wordCount\":333,\"publisher\":{\"@id\":\"https:\/\/www.pro4green.be\/fr\/#organization\"},\"image\":{\"@id\":\"https:\/\/www.pro4green.be\/fr\/la-strate-herbacee-comme-boussole-en-foret\/#primaryimage\"},\"thumbnailUrl\":\"https:\/\/www.pro4green.be\/wp-content\/uploads\/2026\/03\/AP1GczOjwRQiD02_i29c-BlUMCkNNr7iMb4-zpDUD8zyeEbgGhg_BcTb2rv1nQJGJWoDotKqMaQx30UouUodjzAwXijL0MsA55Hyjk6bQEaeNfCW5n5KX8R78C8g4qUZzddtLidpkVIVAxA9qjin1tvsXZqZw695-h460-s-no-gm.avif\",\"articleSection\":[\"Actualit\u00e9s\"],\"inLanguage\":\"fr-FR\"},{\"@type\":\"WebPage\",\"@id\":\"https:\/\/www.pro4green.be\/fr\/la-strate-herbacee-comme-boussole-en-foret\/\",\"url\":\"https:\/\/www.pro4green.be\/fr\/la-strate-herbacee-comme-boussole-en-foret\/\",\"name\":\"La strate herbac\u00e9e comme boussole en for\u00eat - Pro4Green\",\"isPartOf\":{\"@id\":\"https:\/\/www.pro4green.be\/fr\/#website\"},\"primaryImageOfPage\":{\"@id\":\"https:\/\/www.pro4green.be\/fr\/la-strate-herbacee-comme-boussole-en-foret\/#primaryimage\"},\"image\":{\"@id\":\"https:\/\/www.pro4green.be\/fr\/la-strate-herbacee-comme-boussole-en-foret\/#primaryimage\"},\"thumbnailUrl\":\"https:\/\/www.pro4green.be\/wp-content\/uploads\/2026\/03\/AP1GczOjwRQiD02_i29c-BlUMCkNNr7iMb4-zpDUD8zyeEbgGhg_BcTb2rv1nQJGJWoDotKqMaQx30UouUodjzAwXijL0MsA55Hyjk6bQEaeNfCW5n5KX8R78C8g4qUZzddtLidpkVIVAxA9qjin1tvsXZqZw695-h460-s-no-gm.avif\",\"datePublished\":\"2026-03-02T23:00:00+00:00\",\"breadcrumb\":{\"@id\":\"https:\/\/www.pro4green.be\/fr\/la-strate-herbacee-comme-boussole-en-foret\/#breadcrumb\"},\"inLanguage\":\"fr-FR\",\"potentialAction\":[{\"@type\":\"ReadAction\",\"target\":[\"https:\/\/www.pro4green.be\/fr\/la-strate-herbacee-comme-boussole-en-foret\/\"]}]},{\"@type\":\"ImageObject\",\"inLanguage\":\"fr-FR\",\"@id\":\"https:\/\/www.pro4green.be\/fr\/la-strate-herbacee-comme-boussole-en-foret\/#primaryimage\",\"url\":\"https:\/\/www.pro4green.be\/wp-content\/uploads\/2026\/03\/AP1GczOjwRQiD02_i29c-BlUMCkNNr7iMb4-zpDUD8zyeEbgGhg_BcTb2rv1nQJGJWoDotKqMaQx30UouUodjzAwXijL0MsA55Hyjk6bQEaeNfCW5n5KX8R78C8g4qUZzddtLidpkVIVAxA9qjin1tvsXZqZw695-h460-s-no-gm.avif\",\"contentUrl\":\"https:\/\/www.pro4green.be\/wp-content\/uploads\/2026\/03\/AP1GczOjwRQiD02_i29c-BlUMCkNNr7iMb4-zpDUD8zyeEbgGhg_BcTb2rv1nQJGJWoDotKqMaQx30UouUodjzAwXijL0MsA55Hyjk6bQEaeNfCW5n5KX8R78C8g4qUZzddtLidpkVIVAxA9qjin1tvsXZqZw695-h460-s-no-gm.avif\",\"width\":695,\"height\":460},{\"@type\":\"BreadcrumbList\",\"@id\":\"https:\/\/www.pro4green.be\/fr\/la-strate-herbacee-comme-boussole-en-foret\/#breadcrumb\",\"itemListElement\":[{\"@type\":\"ListItem\",\"position\":1,\"name\":\"Home\",\"item\":\"https:\/\/www.pro4green.be\/fr\/\"},{\"@type\":\"ListItem\",\"position\":2,\"name\":\"La strate herbac\u00e9e comme boussole en for\u00eat\"}]},{\"@type\":\"WebSite\",\"@id\":\"https:\/\/www.pro4green.be\/fr\/#website\",\"url\":\"https:\/\/www.pro4green.be\/fr\/\",\"name\":\"Pro4Green\",\"description\":\"Waar professionaliteit en kwaliteit elkaar vinden\",\"publisher\":{\"@id\":\"https:\/\/www.pro4green.be\/fr\/#organization\"},\"potentialAction\":[{\"@type\":\"SearchAction\",\"target\":{\"@type\":\"EntryPoint\",\"urlTemplate\":\"https:\/\/www.pro4green.be\/fr\/?s={search_term_string}\"},\"query-input\":{\"@type\":\"PropertyValueSpecification\",\"valueRequired\":true,\"valueName\":\"search_term_string\"}}],\"inLanguage\":\"fr-FR\"},{\"@type\":\"Organization\",\"@id\":\"https:\/\/www.pro4green.be\/fr\/#organization\",\"name\":\"Pro4Green\",\"url\":\"https:\/\/www.pro4green.be\/fr\/\",\"logo\":{\"@type\":\"ImageObject\",\"inLanguage\":\"fr-FR\",\"@id\":\"https:\/\/www.pro4green.be\/fr\/#\/schema\/logo\/image\/\",\"url\":\"https:\/\/www.pro4green.be\/wp-content\/uploads\/2024\/07\/PRO4GREEN-logo-pos.svg\",\"contentUrl\":\"https:\/\/www.pro4green.be\/wp-content\/uploads\/2024\/07\/PRO4GREEN-logo-pos.svg\",\"width\":500,\"height\":225,\"caption\":\"Pro4Green\"},\"image\":{\"@id\":\"https:\/\/www.pro4green.be\/fr\/#\/schema\/logo\/image\/\"}},{\"@type\":\"Person\",\"@id\":\"https:\/\/www.pro4green.be\/fr\/#\/schema\/person\/88b2095ddffff65211d5e8a118dd6e58\",\"name\":\"Pro4Green-Admin\",\"image\":{\"@type\":\"ImageObject\",\"inLanguage\":\"fr-FR\",\"@id\":\"https:\/\/www.pro4green.be\/fr\/#\/schema\/person\/image\/\",\"url\":\"https:\/\/secure.gravatar.com\/avatar\/7e8a29d0a461aec788e922b050fcb32f2e3c905d6fc208528cc9c31f44ab6aca?s=96&d=mm&r=g\",\"contentUrl\":\"https:\/\/secure.gravatar.com\/avatar\/7e8a29d0a461aec788e922b050fcb32f2e3c905d6fc208528cc9c31f44ab6aca?s=96&d=mm&r=g\",\"caption\":\"Pro4Green-Admin\"}}]}<\/script>\n<!-- \/ Yoast SEO plugin. -->","yoast_head_json":{"title":"La strate herbac\u00e9e comme boussole en for\u00eat - Pro4Green","robots":{"index":"index","follow":"follow","max-snippet":"max-snippet:-1","max-image-preview":"max-image-preview:large","max-video-preview":"max-video-preview:-1"},"canonical":"https:\/\/www.pro4green.be\/fr\/la-strate-herbacee-comme-boussole-en-foret\/","og_locale":"fr_FR","og_type":"article","og_title":"La strate herbac\u00e9e comme boussole en for\u00eat - Pro4Green","og_description":"La v\u00e9g\u00e9tation herbac\u00e9e constitue un indicateur essentiel pour la classification des types...","og_url":"https:\/\/www.pro4green.be\/fr\/la-strate-herbacee-comme-boussole-en-foret\/","og_site_name":"Pro4Green","article_published_time":"2026-03-02T23:00:00+00:00","og_image":[{"width":695,"height":460,"url":"https:\/\/www.pro4green.be\/wp-content\/uploads\/2026\/03\/AP1GczOjwRQiD02_i29c-BlUMCkNNr7iMb4-zpDUD8zyeEbgGhg_BcTb2rv1nQJGJWoDotKqMaQx30UouUodjzAwXijL0MsA55Hyjk6bQEaeNfCW5n5KX8R78C8g4qUZzddtLidpkVIVAxA9qjin1tvsXZqZw695-h460-s-no-gm.avif","type":"image\/jpeg"}],"author":"Pro4Green-Admin","twitter_card":"summary_large_image","schema":{"@context":"https:\/\/schema.org","@graph":[{"@type":"Article","@id":"https:\/\/www.pro4green.be\/fr\/la-strate-herbacee-comme-boussole-en-foret\/#article","isPartOf":{"@id":"https:\/\/www.pro4green.be\/fr\/la-strate-herbacee-comme-boussole-en-foret\/"},"author":{"name":"Pro4Green-Admin","@id":"https:\/\/www.pro4green.be\/fr\/#\/schema\/person\/88b2095ddffff65211d5e8a118dd6e58"},"headline":"La strate herbac\u00e9e comme boussole en for\u00eat","datePublished":"2026-03-02T23:00:00+00:00","mainEntityOfPage":{"@id":"https:\/\/www.pro4green.be\/fr\/la-strate-herbacee-comme-boussole-en-foret\/"},"wordCount":333,"publisher":{"@id":"https:\/\/www.pro4green.be\/fr\/#organization"},"image":{"@id":"https:\/\/www.pro4green.be\/fr\/la-strate-herbacee-comme-boussole-en-foret\/#primaryimage"},"thumbnailUrl":"https:\/\/www.pro4green.be\/wp-content\/uploads\/2026\/03\/AP1GczOjwRQiD02_i29c-BlUMCkNNr7iMb4-zpDUD8zyeEbgGhg_BcTb2rv1nQJGJWoDotKqMaQx30UouUodjzAwXijL0MsA55Hyjk6bQEaeNfCW5n5KX8R78C8g4qUZzddtLidpkVIVAxA9qjin1tvsXZqZw695-h460-s-no-gm.avif","articleSection":["Actualit\u00e9s"],"inLanguage":"fr-FR"},{"@type":"WebPage","@id":"https:\/\/www.pro4green.be\/fr\/la-strate-herbacee-comme-boussole-en-foret\/","url":"https:\/\/www.pro4green.be\/fr\/la-strate-herbacee-comme-boussole-en-foret\/","name":"La strate herbac\u00e9e comme boussole en for\u00eat - Pro4Green","isPartOf":{"@id":"https:\/\/www.pro4green.be\/fr\/#website"},"primaryImageOfPage":{"@id":"https:\/\/www.pro4green.be\/fr\/la-strate-herbacee-comme-boussole-en-foret\/#primaryimage"},"image":{"@id":"https:\/\/www.pro4green.be\/fr\/la-strate-herbacee-comme-boussole-en-foret\/#primaryimage"},"thumbnailUrl":"https:\/\/www.pro4green.be\/wp-content\/uploads\/2026\/03\/AP1GczOjwRQiD02_i29c-BlUMCkNNr7iMb4-zpDUD8zyeEbgGhg_BcTb2rv1nQJGJWoDotKqMaQx30UouUodjzAwXijL0MsA55Hyjk6bQEaeNfCW5n5KX8R78C8g4qUZzddtLidpkVIVAxA9qjin1tvsXZqZw695-h460-s-no-gm.avif","datePublished":"2026-03-02T23:00:00+00:00","breadcrumb":{"@id":"https:\/\/www.pro4green.be\/fr\/la-strate-herbacee-comme-boussole-en-foret\/#breadcrumb"},"inLanguage":"fr-FR","potentialAction":[{"@type":"ReadAction","target":["https:\/\/www.pro4green.be\/fr\/la-strate-herbacee-comme-boussole-en-foret\/"]}]},{"@type":"ImageObject","inLanguage":"fr-FR","@id":"https:\/\/www.pro4green.be\/fr\/la-strate-herbacee-comme-boussole-en-foret\/#primaryimage","url":"https:\/\/www.pro4green.be\/wp-content\/uploads\/2026\/03\/AP1GczOjwRQiD02_i29c-BlUMCkNNr7iMb4-zpDUD8zyeEbgGhg_BcTb2rv1nQJGJWoDotKqMaQx30UouUodjzAwXijL0MsA55Hyjk6bQEaeNfCW5n5KX8R78C8g4qUZzddtLidpkVIVAxA9qjin1tvsXZqZw695-h460-s-no-gm.avif","contentUrl":"https:\/\/www.pro4green.be\/wp-content\/uploads\/2026\/03\/AP1GczOjwRQiD02_i29c-BlUMCkNNr7iMb4-zpDUD8zyeEbgGhg_BcTb2rv1nQJGJWoDotKqMaQx30UouUodjzAwXijL0MsA55Hyjk6bQEaeNfCW5n5KX8R78C8g4qUZzddtLidpkVIVAxA9qjin1tvsXZqZw695-h460-s-no-gm.avif","width":695,"height":460},{"@type":"BreadcrumbList","@id":"https:\/\/www.pro4green.be\/fr\/la-strate-herbacee-comme-boussole-en-foret\/#breadcrumb","itemListElement":[{"@type":"ListItem","position":1,"name":"Home","item":"https:\/\/www.pro4green.be\/fr\/"},{"@type":"ListItem","position":2,"name":"La strate herbac\u00e9e comme boussole en for\u00eat"}]},{"@type":"WebSite","@id":"https:\/\/www.pro4green.be\/fr\/#website","url":"https:\/\/www.pro4green.be\/fr\/","name":"Pro4Green","description":"Waar professionaliteit en kwaliteit elkaar vinden","publisher":{"@id":"https:\/\/www.pro4green.be\/fr\/#organization"},"potentialAction":[{"@type":"SearchAction","target":{"@type":"EntryPoint","urlTemplate":"https:\/\/www.pro4green.be\/fr\/?s={search_term_string}"},"query-input":{"@type":"PropertyValueSpecification","valueRequired":true,"valueName":"search_term_string"}}],"inLanguage":"fr-FR"},{"@type":"Organization","@id":"https:\/\/www.pro4green.be\/fr\/#organization","name":"Pro4Green","url":"https:\/\/www.pro4green.be\/fr\/","logo":{"@type":"ImageObject","inLanguage":"fr-FR","@id":"https:\/\/www.pro4green.be\/fr\/#\/schema\/logo\/image\/","url":"https:\/\/www.pro4green.be\/wp-content\/uploads\/2024\/07\/PRO4GREEN-logo-pos.svg","contentUrl":"https:\/\/www.pro4green.be\/wp-content\/uploads\/2024\/07\/PRO4GREEN-logo-pos.svg","width":500,"height":225,"caption":"Pro4Green"},"image":{"@id":"https:\/\/www.pro4green.be\/fr\/#\/schema\/logo\/image\/"}},{"@type":"Person","@id":"https:\/\/www.pro4green.be\/fr\/#\/schema\/person\/88b2095ddffff65211d5e8a118dd6e58","name":"Pro4Green-Admin","image":{"@type":"ImageObject","inLanguage":"fr-FR","@id":"https:\/\/www.pro4green.be\/fr\/#\/schema\/person\/image\/","url":"https:\/\/secure.gravatar.com\/avatar\/7e8a29d0a461aec788e922b050fcb32f2e3c905d6fc208528cc9c31f44ab6aca?s=96&d=mm&r=g","contentUrl":"https:\/\/secure.gravatar.com\/avatar\/7e8a29d0a461aec788e922b050fcb32f2e3c905d6fc208528cc9c31f44ab6aca?s=96&d=mm&r=g","caption":"Pro4Green-Admin"}}]}},"_links":{"self":[{"href":"https:\/\/www.pro4green.be\/fr\/wp-json\/wp\/v2\/posts\/30264","targetHints":{"allow":["GET"]}}],"collection":[{"href":"https:\/\/www.pro4green.be\/fr\/wp-json\/wp\/v2\/posts"}],"about":[{"href":"https:\/\/www.pro4green.be\/fr\/wp-json\/wp\/v2\/types\/post"}],"author":[{"embeddable":true,"href":"https:\/\/www.pro4green.be\/fr\/wp-json\/wp\/v2\/users\/26"}],"replies":[{"embeddable":true,"href":"https:\/\/www.pro4green.be\/fr\/wp-json\/wp\/v2\/comments?post=30264"}],"version-history":[{"count":0,"href":"https:\/\/www.pro4green.be\/fr\/wp-json\/wp\/v2\/posts\/30264\/revisions"}],"wp:featuredmedia":[{"embeddable":true,"href":"https:\/\/www.pro4green.be\/fr\/wp-json\/wp\/v2\/media\/30265"}],"wp:attachment":[{"href":"https:\/\/www.pro4green.be\/fr\/wp-json\/wp\/v2\/media?parent=30264"}],"wp:term":[{"taxonomy":"category","embeddable":true,"href":"https:\/\/www.pro4green.be\/fr\/wp-json\/wp\/v2\/categories?post=30264"},{"taxonomy":"post_tag","embeddable":true,"href":"https:\/\/www.pro4green.be\/fr\/wp-json\/wp\/v2\/tags?post=30264"},{"taxonomy":"association","embeddable":true,"href":"https:\/\/www.pro4green.be\/fr\/wp-json\/wp\/v2\/association?post=30264"}],"curies":[{"name":"wp","href":"https:\/\/api.w.org\/{rel}","templated":true}]}}