{"id":30268,"date":"2026-03-03T00:00:00","date_gmt":"2026-03-02T23:00:00","guid":{"rendered":"https:\/\/www.pro4green.be\/du-recueil-des-signaux-a-levolution-des-politiques-pro4green-en-dialogue-avec-le-ministre-brouns\/"},"modified":"2026-03-03T00:00:00","modified_gmt":"2026-03-02T23:00:00","slug":"du-recueil-des-signaux-a-levolution-des-politiques-pro4green-en-dialogue-avec-le-ministre-brouns","status":"publish","type":"post","link":"https:\/\/www.pro4green.be\/fr\/du-recueil-des-signaux-a-levolution-des-politiques-pro4green-en-dialogue-avec-le-ministre-brouns\/","title":{"rendered":"Du recueil des signaux \u00e0 l\u2019\u00e9volution des politiques, Pro4Green en dialogue avec le ministre Brouns"},"content":{"rendered":"<p>Le 9 f\u00e9vrier, Pro4Green a r\u00e9uni le secteur sur le site de Krinkels \u00e0 Londerzeel pour une concertation avec le ministre flamand de l\u2019Environnement et de la Nature, Jo Brouns. La r\u00e9forme de la politique des permis en Flandre \u00e9tait au c\u0153ur des \u00e9changes. <\/p>\n<p>Le ministre a insist\u00e9 sur la s\u00e9curit\u00e9 juridique, l\u2019acc\u00e9l\u00e9ration des proc\u00e9dures, la simplification et une approche orient\u00e9e vers les solutions. La digitalisation via le Guichet Environnement et des d\u00e9lais plus courts doivent renforcer la confiance des investisseurs. <\/p>\n<p>Les interventions de l\u2019ELCA, de LDR, de la Commission Entreprendre, d\u2019Embuild et de Krinkels ont enrichi le d\u00e9bat, mod\u00e9r\u00e9 par Yves Heirman, directeur de Pro4Green. <\/p>\n<p>Les r\u00e9formes annonc\u00e9es \u2014 droit \u00e0 la concertation pr\u00e9alable, bouton pause, avis int\u00e9gr\u00e9 et acc\u00e8s plus cibl\u00e9 au recours \u2014 devraient \u00eatre mises en \u0153uvre progressivement. Pro4Green se positionne comme partenaire constructif et suit ce dossier de pr\u00e8s dans l\u2019int\u00e9r\u00eat de l\u2019entrepreneur paysagiste professionnel.<\/p>\n<p>\u00a9 Yves Heirman<br \/><a href=\"https:\/\/www.bfg-fbep.be\/fiche\/?fiche=10193&#038;nr=fb96360051d2006756d23bea87597579\" target=\"_blank\">Dur\u00e9e de lecture<\/a>\u00a0<i class=\"far fa-clock\"><\/i> 6&#8243;<\/p>\n","protected":false},"excerpt":{"rendered":"<p>Le 9 f\u00e9vrier, Pro4Green a r\u00e9uni le secteur sur le site de Krinkels \u00e0 Londerzeel pour une&#8230;<\/p>\n","protected":false},"author":26,"featured_media":30269,"comment_status":"closed","ping_status":"closed","sticky":false,"template":"","format":"standard","meta":{"_acf_changed":false,"inline_featured_image":false,"footnotes":""},"categories":[265],"tags":[],"association":[277],"class_list":["post-30268","post","type-post","status-publish","format-standard","has-post-thumbnail","hentry","category-actualites","association-pro4green-fr"],"acf":[],"yoast_head":"<!-- This site is optimized with the Yoast SEO plugin v27.1.1 - https:\/\/yoast.com\/product\/yoast-seo-wordpress\/ -->\n<title>Du recueil des signaux \u00e0 l\u2019\u00e9volution des politiques, Pro4Green en dialogue avec le ministre Brouns - Pro4Green<\/title>\n<meta name=\"robots\" content=\"index, follow, max-snippet:-1, max-image-preview:large, max-video-preview:-1\" \/>\n<link rel=\"canonical\" href=\"https:\/\/www.pro4green.be\/fr\/du-recueil-des-signaux-a-levolution-des-politiques-pro4green-en-dialogue-avec-le-ministre-brouns\/\" \/>\n<meta property=\"og:locale\" content=\"fr_FR\" \/>\n<meta property=\"og:type\" content=\"article\" \/>\n<meta property=\"og:title\" content=\"Du recueil des signaux \u00e0 l\u2019\u00e9volution des politiques, Pro4Green en dialogue avec le ministre Brouns - Pro4Green\" \/>\n<meta property=\"og:description\" content=\"Le 9 f\u00e9vrier, Pro4Green a r\u00e9uni le secteur sur le site de Krinkels \u00e0 Londerzeel pour une...\" \/>\n<meta property=\"og:url\" content=\"https:\/\/www.pro4green.be\/fr\/du-recueil-des-signaux-a-levolution-des-politiques-pro4green-en-dialogue-avec-le-ministre-brouns\/\" \/>\n<meta property=\"og:site_name\" content=\"Pro4Green\" \/>\n<meta property=\"article:published_time\" content=\"2026-03-02T23:00:00+00:00\" \/>\n<meta property=\"og:image\" content=\"https:\/\/www.pro4green.be\/wp-content\/uploads\/2026\/03\/AP1GczMKQiy8iO6irZuvZIf-9nBjw0ZsW6aCrP9mdGymUCf7DPfPcTwwDXSM2RN6TOq9v7IazVdGvvXw_pb7EKXFDFeXSZL473wzHGQWghAk6bA_z85a-ZldMfKDYaF6uzIYFIKCJqyFq89Yzg5XMsvKo94sw1315-h987-s-no-gm.avif\" \/>\n\t<meta property=\"og:image:width\" content=\"1315\" \/>\n\t<meta property=\"og:image:height\" content=\"987\" \/>\n\t<meta property=\"og:image:type\" content=\"image\/jpeg\" \/>\n<meta name=\"author\" content=\"Pro4Green-Admin\" \/>\n<meta name=\"twitter:card\" content=\"summary_large_image\" \/>\n<script type=\"application\/ld+json\" class=\"yoast-schema-graph\">{\"@context\":\"https:\/\/schema.org\",\"@graph\":[{\"@type\":\"Article\",\"@id\":\"https:\/\/www.pro4green.be\/fr\/du-recueil-des-signaux-a-levolution-des-politiques-pro4green-en-dialogue-avec-le-ministre-brouns\/#article\",\"isPartOf\":{\"@id\":\"https:\/\/www.pro4green.be\/fr\/du-recueil-des-signaux-a-levolution-des-politiques-pro4green-en-dialogue-avec-le-ministre-brouns\/\"},\"author\":{\"name\":\"Pro4Green-Admin\",\"@id\":\"https:\/\/www.pro4green.be\/fr\/#\/schema\/person\/88b2095ddffff65211d5e8a118dd6e58\"},\"headline\":\"Du recueil des signaux \u00e0 l\u2019\u00e9volution des politiques, Pro4Green en dialogue avec le ministre Brouns\",\"datePublished\":\"2026-03-02T23:00:00+00:00\",\"mainEntityOfPage\":{\"@id\":\"https:\/\/www.pro4green.be\/fr\/du-recueil-des-signaux-a-levolution-des-politiques-pro4green-en-dialogue-avec-le-ministre-brouns\/\"},\"wordCount\":196,\"publisher\":{\"@id\":\"https:\/\/www.pro4green.be\/fr\/#organization\"},\"image\":{\"@id\":\"https:\/\/www.pro4green.be\/fr\/du-recueil-des-signaux-a-levolution-des-politiques-pro4green-en-dialogue-avec-le-ministre-brouns\/#primaryimage\"},\"thumbnailUrl\":\"https:\/\/www.pro4green.be\/wp-content\/uploads\/2026\/03\/AP1GczMKQiy8iO6irZuvZIf-9nBjw0ZsW6aCrP9mdGymUCf7DPfPcTwwDXSM2RN6TOq9v7IazVdGvvXw_pb7EKXFDFeXSZL473wzHGQWghAk6bA_z85a-ZldMfKDYaF6uzIYFIKCJqyFq89Yzg5XMsvKo94sw1315-h987-s-no-gm.avif\",\"articleSection\":[\"Actualit\u00e9s\"],\"inLanguage\":\"fr-FR\"},{\"@type\":\"WebPage\",\"@id\":\"https:\/\/www.pro4green.be\/fr\/du-recueil-des-signaux-a-levolution-des-politiques-pro4green-en-dialogue-avec-le-ministre-brouns\/\",\"url\":\"https:\/\/www.pro4green.be\/fr\/du-recueil-des-signaux-a-levolution-des-politiques-pro4green-en-dialogue-avec-le-ministre-brouns\/\",\"name\":\"Du recueil des signaux \u00e0 l\u2019\u00e9volution des politiques, Pro4Green en dialogue avec le ministre Brouns - Pro4Green\",\"isPartOf\":{\"@id\":\"https:\/\/www.pro4green.be\/fr\/#website\"},\"primaryImageOfPage\":{\"@id\":\"https:\/\/www.pro4green.be\/fr\/du-recueil-des-signaux-a-levolution-des-politiques-pro4green-en-dialogue-avec-le-ministre-brouns\/#primaryimage\"},\"image\":{\"@id\":\"https:\/\/www.pro4green.be\/fr\/du-recueil-des-signaux-a-levolution-des-politiques-pro4green-en-dialogue-avec-le-ministre-brouns\/#primaryimage\"},\"thumbnailUrl\":\"https:\/\/www.pro4green.be\/wp-content\/uploads\/2026\/03\/AP1GczMKQiy8iO6irZuvZIf-9nBjw0ZsW6aCrP9mdGymUCf7DPfPcTwwDXSM2RN6TOq9v7IazVdGvvXw_pb7EKXFDFeXSZL473wzHGQWghAk6bA_z85a-ZldMfKDYaF6uzIYFIKCJqyFq89Yzg5XMsvKo94sw1315-h987-s-no-gm.avif\",\"datePublished\":\"2026-03-02T23:00:00+00:00\",\"breadcrumb\":{\"@id\":\"https:\/\/www.pro4green.be\/fr\/du-recueil-des-signaux-a-levolution-des-politiques-pro4green-en-dialogue-avec-le-ministre-brouns\/#breadcrumb\"},\"inLanguage\":\"fr-FR\",\"potentialAction\":[{\"@type\":\"ReadAction\",\"target\":[\"https:\/\/www.pro4green.be\/fr\/du-recueil-des-signaux-a-levolution-des-politiques-pro4green-en-dialogue-avec-le-ministre-brouns\/\"]}]},{\"@type\":\"ImageObject\",\"inLanguage\":\"fr-FR\",\"@id\":\"https:\/\/www.pro4green.be\/fr\/du-recueil-des-signaux-a-levolution-des-politiques-pro4green-en-dialogue-avec-le-ministre-brouns\/#primaryimage\",\"url\":\"https:\/\/www.pro4green.be\/wp-content\/uploads\/2026\/03\/AP1GczMKQiy8iO6irZuvZIf-9nBjw0ZsW6aCrP9mdGymUCf7DPfPcTwwDXSM2RN6TOq9v7IazVdGvvXw_pb7EKXFDFeXSZL473wzHGQWghAk6bA_z85a-ZldMfKDYaF6uzIYFIKCJqyFq89Yzg5XMsvKo94sw1315-h987-s-no-gm.avif\",\"contentUrl\":\"https:\/\/www.pro4green.be\/wp-content\/uploads\/2026\/03\/AP1GczMKQiy8iO6irZuvZIf-9nBjw0ZsW6aCrP9mdGymUCf7DPfPcTwwDXSM2RN6TOq9v7IazVdGvvXw_pb7EKXFDFeXSZL473wzHGQWghAk6bA_z85a-ZldMfKDYaF6uzIYFIKCJqyFq89Yzg5XMsvKo94sw1315-h987-s-no-gm.avif\",\"width\":1315,\"height\":987},{\"@type\":\"BreadcrumbList\",\"@id\":\"https:\/\/www.pro4green.be\/fr\/du-recueil-des-signaux-a-levolution-des-politiques-pro4green-en-dialogue-avec-le-ministre-brouns\/#breadcrumb\",\"itemListElement\":[{\"@type\":\"ListItem\",\"position\":1,\"name\":\"Home\",\"item\":\"https:\/\/www.pro4green.be\/fr\/\"},{\"@type\":\"ListItem\",\"position\":2,\"name\":\"Du recueil des signaux \u00e0 l\u2019\u00e9volution des politiques, Pro4Green en dialogue avec le ministre Brouns\"}]},{\"@type\":\"WebSite\",\"@id\":\"https:\/\/www.pro4green.be\/fr\/#website\",\"url\":\"https:\/\/www.pro4green.be\/fr\/\",\"name\":\"Pro4Green\",\"description\":\"Waar professionaliteit en kwaliteit elkaar vinden\",\"publisher\":{\"@id\":\"https:\/\/www.pro4green.be\/fr\/#organization\"},\"potentialAction\":[{\"@type\":\"SearchAction\",\"target\":{\"@type\":\"EntryPoint\",\"urlTemplate\":\"https:\/\/www.pro4green.be\/fr\/?s={search_term_string}\"},\"query-input\":{\"@type\":\"PropertyValueSpecification\",\"valueRequired\":true,\"valueName\":\"search_term_string\"}}],\"inLanguage\":\"fr-FR\"},{\"@type\":\"Organization\",\"@id\":\"https:\/\/www.pro4green.be\/fr\/#organization\",\"name\":\"Pro4Green\",\"url\":\"https:\/\/www.pro4green.be\/fr\/\",\"logo\":{\"@type\":\"ImageObject\",\"inLanguage\":\"fr-FR\",\"@id\":\"https:\/\/www.pro4green.be\/fr\/#\/schema\/logo\/image\/\",\"url\":\"https:\/\/www.pro4green.be\/wp-content\/uploads\/2024\/07\/PRO4GREEN-logo-pos.svg\",\"contentUrl\":\"https:\/\/www.pro4green.be\/wp-content\/uploads\/2024\/07\/PRO4GREEN-logo-pos.svg\",\"width\":500,\"height\":225,\"caption\":\"Pro4Green\"},\"image\":{\"@id\":\"https:\/\/www.pro4green.be\/fr\/#\/schema\/logo\/image\/\"}},{\"@type\":\"Person\",\"@id\":\"https:\/\/www.pro4green.be\/fr\/#\/schema\/person\/88b2095ddffff65211d5e8a118dd6e58\",\"name\":\"Pro4Green-Admin\",\"image\":{\"@type\":\"ImageObject\",\"inLanguage\":\"fr-FR\",\"@id\":\"https:\/\/www.pro4green.be\/fr\/#\/schema\/person\/image\/\",\"url\":\"https:\/\/secure.gravatar.com\/avatar\/7e8a29d0a461aec788e922b050fcb32f2e3c905d6fc208528cc9c31f44ab6aca?s=96&d=mm&r=g\",\"contentUrl\":\"https:\/\/secure.gravatar.com\/avatar\/7e8a29d0a461aec788e922b050fcb32f2e3c905d6fc208528cc9c31f44ab6aca?s=96&d=mm&r=g\",\"caption\":\"Pro4Green-Admin\"}}]}<\/script>\n<!-- \/ Yoast SEO plugin. -->","yoast_head_json":{"title":"Du recueil des signaux \u00e0 l\u2019\u00e9volution des politiques, Pro4Green en dialogue avec le ministre Brouns - Pro4Green","robots":{"index":"index","follow":"follow","max-snippet":"max-snippet:-1","max-image-preview":"max-image-preview:large","max-video-preview":"max-video-preview:-1"},"canonical":"https:\/\/www.pro4green.be\/fr\/du-recueil-des-signaux-a-levolution-des-politiques-pro4green-en-dialogue-avec-le-ministre-brouns\/","og_locale":"fr_FR","og_type":"article","og_title":"Du recueil des signaux \u00e0 l\u2019\u00e9volution des politiques, Pro4Green en dialogue avec le ministre Brouns - Pro4Green","og_description":"Le 9 f\u00e9vrier, Pro4Green a r\u00e9uni le secteur sur le site de Krinkels \u00e0 Londerzeel pour une...","og_url":"https:\/\/www.pro4green.be\/fr\/du-recueil-des-signaux-a-levolution-des-politiques-pro4green-en-dialogue-avec-le-ministre-brouns\/","og_site_name":"Pro4Green","article_published_time":"2026-03-02T23:00:00+00:00","og_image":[{"width":1315,"height":987,"url":"https:\/\/www.pro4green.be\/wp-content\/uploads\/2026\/03\/AP1GczMKQiy8iO6irZuvZIf-9nBjw0ZsW6aCrP9mdGymUCf7DPfPcTwwDXSM2RN6TOq9v7IazVdGvvXw_pb7EKXFDFeXSZL473wzHGQWghAk6bA_z85a-ZldMfKDYaF6uzIYFIKCJqyFq89Yzg5XMsvKo94sw1315-h987-s-no-gm.avif","type":"image\/jpeg"}],"author":"Pro4Green-Admin","twitter_card":"summary_large_image","schema":{"@context":"https:\/\/schema.org","@graph":[{"@type":"Article","@id":"https:\/\/www.pro4green.be\/fr\/du-recueil-des-signaux-a-levolution-des-politiques-pro4green-en-dialogue-avec-le-ministre-brouns\/#article","isPartOf":{"@id":"https:\/\/www.pro4green.be\/fr\/du-recueil-des-signaux-a-levolution-des-politiques-pro4green-en-dialogue-avec-le-ministre-brouns\/"},"author":{"name":"Pro4Green-Admin","@id":"https:\/\/www.pro4green.be\/fr\/#\/schema\/person\/88b2095ddffff65211d5e8a118dd6e58"},"headline":"Du recueil des signaux \u00e0 l\u2019\u00e9volution des politiques, Pro4Green en dialogue avec le ministre Brouns","datePublished":"2026-03-02T23:00:00+00:00","mainEntityOfPage":{"@id":"https:\/\/www.pro4green.be\/fr\/du-recueil-des-signaux-a-levolution-des-politiques-pro4green-en-dialogue-avec-le-ministre-brouns\/"},"wordCount":196,"publisher":{"@id":"https:\/\/www.pro4green.be\/fr\/#organization"},"image":{"@id":"https:\/\/www.pro4green.be\/fr\/du-recueil-des-signaux-a-levolution-des-politiques-pro4green-en-dialogue-avec-le-ministre-brouns\/#primaryimage"},"thumbnailUrl":"https:\/\/www.pro4green.be\/wp-content\/uploads\/2026\/03\/AP1GczMKQiy8iO6irZuvZIf-9nBjw0ZsW6aCrP9mdGymUCf7DPfPcTwwDXSM2RN6TOq9v7IazVdGvvXw_pb7EKXFDFeXSZL473wzHGQWghAk6bA_z85a-ZldMfKDYaF6uzIYFIKCJqyFq89Yzg5XMsvKo94sw1315-h987-s-no-gm.avif","articleSection":["Actualit\u00e9s"],"inLanguage":"fr-FR"},{"@type":"WebPage","@id":"https:\/\/www.pro4green.be\/fr\/du-recueil-des-signaux-a-levolution-des-politiques-pro4green-en-dialogue-avec-le-ministre-brouns\/","url":"https:\/\/www.pro4green.be\/fr\/du-recueil-des-signaux-a-levolution-des-politiques-pro4green-en-dialogue-avec-le-ministre-brouns\/","name":"Du recueil des signaux \u00e0 l\u2019\u00e9volution des politiques, Pro4Green en dialogue avec le ministre Brouns - Pro4Green","isPartOf":{"@id":"https:\/\/www.pro4green.be\/fr\/#website"},"primaryImageOfPage":{"@id":"https:\/\/www.pro4green.be\/fr\/du-recueil-des-signaux-a-levolution-des-politiques-pro4green-en-dialogue-avec-le-ministre-brouns\/#primaryimage"},"image":{"@id":"https:\/\/www.pro4green.be\/fr\/du-recueil-des-signaux-a-levolution-des-politiques-pro4green-en-dialogue-avec-le-ministre-brouns\/#primaryimage"},"thumbnailUrl":"https:\/\/www.pro4green.be\/wp-content\/uploads\/2026\/03\/AP1GczMKQiy8iO6irZuvZIf-9nBjw0ZsW6aCrP9mdGymUCf7DPfPcTwwDXSM2RN6TOq9v7IazVdGvvXw_pb7EKXFDFeXSZL473wzHGQWghAk6bA_z85a-ZldMfKDYaF6uzIYFIKCJqyFq89Yzg5XMsvKo94sw1315-h987-s-no-gm.avif","datePublished":"2026-03-02T23:00:00+00:00","breadcrumb":{"@id":"https:\/\/www.pro4green.be\/fr\/du-recueil-des-signaux-a-levolution-des-politiques-pro4green-en-dialogue-avec-le-ministre-brouns\/#breadcrumb"},"inLanguage":"fr-FR","potentialAction":[{"@type":"ReadAction","target":["https:\/\/www.pro4green.be\/fr\/du-recueil-des-signaux-a-levolution-des-politiques-pro4green-en-dialogue-avec-le-ministre-brouns\/"]}]},{"@type":"ImageObject","inLanguage":"fr-FR","@id":"https:\/\/www.pro4green.be\/fr\/du-recueil-des-signaux-a-levolution-des-politiques-pro4green-en-dialogue-avec-le-ministre-brouns\/#primaryimage","url":"https:\/\/www.pro4green.be\/wp-content\/uploads\/2026\/03\/AP1GczMKQiy8iO6irZuvZIf-9nBjw0ZsW6aCrP9mdGymUCf7DPfPcTwwDXSM2RN6TOq9v7IazVdGvvXw_pb7EKXFDFeXSZL473wzHGQWghAk6bA_z85a-ZldMfKDYaF6uzIYFIKCJqyFq89Yzg5XMsvKo94sw1315-h987-s-no-gm.avif","contentUrl":"https:\/\/www.pro4green.be\/wp-content\/uploads\/2026\/03\/AP1GczMKQiy8iO6irZuvZIf-9nBjw0ZsW6aCrP9mdGymUCf7DPfPcTwwDXSM2RN6TOq9v7IazVdGvvXw_pb7EKXFDFeXSZL473wzHGQWghAk6bA_z85a-ZldMfKDYaF6uzIYFIKCJqyFq89Yzg5XMsvKo94sw1315-h987-s-no-gm.avif","width":1315,"height":987},{"@type":"BreadcrumbList","@id":"https:\/\/www.pro4green.be\/fr\/du-recueil-des-signaux-a-levolution-des-politiques-pro4green-en-dialogue-avec-le-ministre-brouns\/#breadcrumb","itemListElement":[{"@type":"ListItem","position":1,"name":"Home","item":"https:\/\/www.pro4green.be\/fr\/"},{"@type":"ListItem","position":2,"name":"Du recueil des signaux \u00e0 l\u2019\u00e9volution des politiques, Pro4Green en dialogue avec le ministre Brouns"}]},{"@type":"WebSite","@id":"https:\/\/www.pro4green.be\/fr\/#website","url":"https:\/\/www.pro4green.be\/fr\/","name":"Pro4Green","description":"Waar professionaliteit en kwaliteit elkaar vinden","publisher":{"@id":"https:\/\/www.pro4green.be\/fr\/#organization"},"potentialAction":[{"@type":"SearchAction","target":{"@type":"EntryPoint","urlTemplate":"https:\/\/www.pro4green.be\/fr\/?s={search_term_string}"},"query-input":{"@type":"PropertyValueSpecification","valueRequired":true,"valueName":"search_term_string"}}],"inLanguage":"fr-FR"},{"@type":"Organization","@id":"https:\/\/www.pro4green.be\/fr\/#organization","name":"Pro4Green","url":"https:\/\/www.pro4green.be\/fr\/","logo":{"@type":"ImageObject","inLanguage":"fr-FR","@id":"https:\/\/www.pro4green.be\/fr\/#\/schema\/logo\/image\/","url":"https:\/\/www.pro4green.be\/wp-content\/uploads\/2024\/07\/PRO4GREEN-logo-pos.svg","contentUrl":"https:\/\/www.pro4green.be\/wp-content\/uploads\/2024\/07\/PRO4GREEN-logo-pos.svg","width":500,"height":225,"caption":"Pro4Green"},"image":{"@id":"https:\/\/www.pro4green.be\/fr\/#\/schema\/logo\/image\/"}},{"@type":"Person","@id":"https:\/\/www.pro4green.be\/fr\/#\/schema\/person\/88b2095ddffff65211d5e8a118dd6e58","name":"Pro4Green-Admin","image":{"@type":"ImageObject","inLanguage":"fr-FR","@id":"https:\/\/www.pro4green.be\/fr\/#\/schema\/person\/image\/","url":"https:\/\/secure.gravatar.com\/avatar\/7e8a29d0a461aec788e922b050fcb32f2e3c905d6fc208528cc9c31f44ab6aca?s=96&d=mm&r=g","contentUrl":"https:\/\/secure.gravatar.com\/avatar\/7e8a29d0a461aec788e922b050fcb32f2e3c905d6fc208528cc9c31f44ab6aca?s=96&d=mm&r=g","caption":"Pro4Green-Admin"}}]}},"_links":{"self":[{"href":"https:\/\/www.pro4green.be\/fr\/wp-json\/wp\/v2\/posts\/30268","targetHints":{"allow":["GET"]}}],"collection":[{"href":"https:\/\/www.pro4green.be\/fr\/wp-json\/wp\/v2\/posts"}],"about":[{"href":"https:\/\/www.pro4green.be\/fr\/wp-json\/wp\/v2\/types\/post"}],"author":[{"embeddable":true,"href":"https:\/\/www.pro4green.be\/fr\/wp-json\/wp\/v2\/users\/26"}],"replies":[{"embeddable":true,"href":"https:\/\/www.pro4green.be\/fr\/wp-json\/wp\/v2\/comments?post=30268"}],"version-history":[{"count":0,"href":"https:\/\/www.pro4green.be\/fr\/wp-json\/wp\/v2\/posts\/30268\/revisions"}],"wp:featuredmedia":[{"embeddable":true,"href":"https:\/\/www.pro4green.be\/fr\/wp-json\/wp\/v2\/media\/30269"}],"wp:attachment":[{"href":"https:\/\/www.pro4green.be\/fr\/wp-json\/wp\/v2\/media?parent=30268"}],"wp:term":[{"taxonomy":"category","embeddable":true,"href":"https:\/\/www.pro4green.be\/fr\/wp-json\/wp\/v2\/categories?post=30268"},{"taxonomy":"post_tag","embeddable":true,"href":"https:\/\/www.pro4green.be\/fr\/wp-json\/wp\/v2\/tags?post=30268"},{"taxonomy":"association","embeddable":true,"href":"https:\/\/www.pro4green.be\/fr\/wp-json\/wp\/v2\/association?post=30268"}],"curies":[{"name":"wp","href":"https:\/\/api.w.org\/{rel}","templated":true}]}}