{"id":30270,"date":"2026-03-02T00:00:00","date_gmt":"2026-03-01T23:00:00","guid":{"rendered":"https:\/\/www.pro4green.be\/que-doit-faire-davantage-leurope-pour-reconnaitre-le-vert-comme-une-infrastructure-strategique\/"},"modified":"2026-03-02T00:00:00","modified_gmt":"2026-03-01T23:00:00","slug":"que-doit-faire-davantage-leurope-pour-reconnaitre-le-vert-comme-une-infrastructure-strategique","status":"publish","type":"post","link":"https:\/\/www.pro4green.be\/fr\/que-doit-faire-davantage-leurope-pour-reconnaitre-le-vert-comme-une-infrastructure-strategique\/","title":{"rendered":"Que doit faire davantage l\u2019Europe pour reconna\u00eetre le vert comme une infrastructure strat\u00e9gique"},"content":{"rendered":"<p>Face \u00e0 l\u2019\u00e9volution des attentes envers notre secteur, je constate l\u2019ampleur des ambitions europ\u00e9ennes en mati\u00e8re de neutralit\u00e9 climatique, de biodiversit\u00e9 et de r\u00e9silience urbaine. Les entrepreneurs paysagistes sont de plus en plus impliqu\u00e9s dans des projets complexes li\u00e9s \u00e0 la gestion de l\u2019eau, \u00e0 la lutte contre les \u00eelots de chaleur et \u00e0 l\u2019am\u00e9lioration du cadre de vie. Les exigences augmentent rapidement, mais les conditions n\u00e9cessaires ne suivent pas toujours.<\/p>\n<p>La question des comp\u00e9tences est centrale. Le secteur passe du r\u00f4le d\u2019ex\u00e9cutant \u00e0 celui de partenaire strat\u00e9gique en adaptation climatique et gestion int\u00e9gr\u00e9e du vert. Les formations actuelles ne sont pas encore pleinement adapt\u00e9es. L\u2019Europe peut soutenir la cr\u00e9ation de nouveaux profils et harmoniser les comp\u00e9tences entre \u00c9tats membres, renfor\u00e7ant ainsi la qualit\u00e9 et la mobilit\u00e9 dans un secteur confront\u00e9 \u00e0 une p\u00e9nurie de main-d\u2019\u0153uvre.<\/p>\n<p>Les march\u00e9s publics doivent \u00e9galement \u00e9voluer. Le crit\u00e8re du prix le plus bas domine encore trop souvent, alors que les projets durables exigent une vision \u00e0 long terme. L\u2019application obligatoire du co\u00fbt du cycle de vie et des contrats davantage ax\u00e9s sur la performance placeraient la qualit\u00e9, la biodiversit\u00e9 et la gestion durable au c\u0153ur des d\u00e9cisions.<\/p>\n<p>Un autre point crucial est la reconnaissance du vert comme infrastructure \u00e0 part enti\u00e8re. Il retient l\u2019eau, rafra\u00eechit les villes et am\u00e9liore la qualit\u00e9 de vie, mais reste sous-\u00e9valu\u00e9. Son int\u00e9gration structurelle dans les cadres d\u2019investissement et les projets de construction est indispensable.<\/p>\n<p>Si l\u2019Europe active ces leviers, notre secteur pourra pleinement contribuer \u00e0 la r\u00e9alisation concr\u00e8te des ambitions europ\u00e9ennes.<\/p>\n<p>\u00a9 Yves Heirman<br \/><a href=\"https:\/\/www.bfg-fbep.be\/fiche\/?fiche=10192&#038;nr=afe1349f98808bfb85fa6dbe9af9f673\" target=\"_blank\">Dur\u00e9e de lecture<\/a>\u00a0<i class=\"far fa-clock\"><\/i> 6&#8243;<\/p>\n","protected":false},"excerpt":{"rendered":"<p>Face \u00e0 l\u2019\u00e9volution des attentes envers notre secteur, je constate l\u2019ampleur des ambitions&#8230;<\/p>\n","protected":false},"author":26,"featured_media":30271,"comment_status":"closed","ping_status":"closed","sticky":false,"template":"","format":"standard","meta":{"_acf_changed":false,"inline_featured_image":false,"footnotes":""},"categories":[265],"tags":[],"association":[277],"class_list":["post-30270","post","type-post","status-publish","format-standard","has-post-thumbnail","hentry","category-actualites","association-pro4green-fr"],"acf":[],"yoast_head":"<!-- This site is optimized with the Yoast SEO plugin v27.1.1 - https:\/\/yoast.com\/product\/yoast-seo-wordpress\/ -->\n<title>Que doit faire davantage l\u2019Europe pour reconna\u00eetre le vert comme une infrastructure strat\u00e9gique - Pro4Green<\/title>\n<meta name=\"robots\" content=\"index, follow, max-snippet:-1, max-image-preview:large, max-video-preview:-1\" \/>\n<link rel=\"canonical\" href=\"https:\/\/www.pro4green.be\/fr\/que-doit-faire-davantage-leurope-pour-reconnaitre-le-vert-comme-une-infrastructure-strategique\/\" \/>\n<meta property=\"og:locale\" content=\"fr_FR\" \/>\n<meta property=\"og:type\" content=\"article\" \/>\n<meta property=\"og:title\" content=\"Que doit faire davantage l\u2019Europe pour reconna\u00eetre le vert comme une infrastructure strat\u00e9gique - Pro4Green\" \/>\n<meta property=\"og:description\" content=\"Face \u00e0 l\u2019\u00e9volution des attentes envers notre secteur, je constate l\u2019ampleur des ambitions...\" \/>\n<meta property=\"og:url\" content=\"https:\/\/www.pro4green.be\/fr\/que-doit-faire-davantage-leurope-pour-reconnaitre-le-vert-comme-une-infrastructure-strategique\/\" \/>\n<meta property=\"og:site_name\" content=\"Pro4Green\" \/>\n<meta property=\"article:published_time\" content=\"2026-03-01T23:00:00+00:00\" \/>\n<meta property=\"og:image\" content=\"https:\/\/www.pro4green.be\/wp-content\/uploads\/2026\/03\/AP1GczNKXfv6oAJEy6Km4jZZncyji3A2xnNyRZh1PmpLIKisob-AeMfv4XMXJ_XW2Hn6fsFg-dY3oUoFXP5s_H2Wyelg9yt23pBmDI3cruXHS25Q1RkkNuxRs0Ko6MZZdYeyZhR7p9gAJ6GGMy1LmCHLC-uiw1351-h901-s-no-gm.avif\" \/>\n\t<meta property=\"og:image:width\" content=\"1351\" \/>\n\t<meta property=\"og:image:height\" content=\"901\" \/>\n\t<meta property=\"og:image:type\" content=\"image\/jpeg\" \/>\n<meta name=\"author\" content=\"Pro4Green-Admin\" \/>\n<meta name=\"twitter:card\" content=\"summary_large_image\" \/>\n<script type=\"application\/ld+json\" class=\"yoast-schema-graph\">{\"@context\":\"https:\/\/schema.org\",\"@graph\":[{\"@type\":\"Article\",\"@id\":\"https:\/\/www.pro4green.be\/fr\/que-doit-faire-davantage-leurope-pour-reconnaitre-le-vert-comme-une-infrastructure-strategique\/#article\",\"isPartOf\":{\"@id\":\"https:\/\/www.pro4green.be\/fr\/que-doit-faire-davantage-leurope-pour-reconnaitre-le-vert-comme-une-infrastructure-strategique\/\"},\"author\":{\"name\":\"Pro4Green-Admin\",\"@id\":\"https:\/\/www.pro4green.be\/fr\/#\/schema\/person\/88b2095ddffff65211d5e8a118dd6e58\"},\"headline\":\"Que doit faire davantage l\u2019Europe pour reconna\u00eetre le vert comme une infrastructure strat\u00e9gique\",\"datePublished\":\"2026-03-01T23:00:00+00:00\",\"mainEntityOfPage\":{\"@id\":\"https:\/\/www.pro4green.be\/fr\/que-doit-faire-davantage-leurope-pour-reconnaitre-le-vert-comme-une-infrastructure-strategique\/\"},\"wordCount\":309,\"publisher\":{\"@id\":\"https:\/\/www.pro4green.be\/fr\/#organization\"},\"image\":{\"@id\":\"https:\/\/www.pro4green.be\/fr\/que-doit-faire-davantage-leurope-pour-reconnaitre-le-vert-comme-une-infrastructure-strategique\/#primaryimage\"},\"thumbnailUrl\":\"https:\/\/www.pro4green.be\/wp-content\/uploads\/2026\/03\/AP1GczNKXfv6oAJEy6Km4jZZncyji3A2xnNyRZh1PmpLIKisob-AeMfv4XMXJ_XW2Hn6fsFg-dY3oUoFXP5s_H2Wyelg9yt23pBmDI3cruXHS25Q1RkkNuxRs0Ko6MZZdYeyZhR7p9gAJ6GGMy1LmCHLC-uiw1351-h901-s-no-gm.avif\",\"articleSection\":[\"Actualit\u00e9s\"],\"inLanguage\":\"fr-FR\"},{\"@type\":\"WebPage\",\"@id\":\"https:\/\/www.pro4green.be\/fr\/que-doit-faire-davantage-leurope-pour-reconnaitre-le-vert-comme-une-infrastructure-strategique\/\",\"url\":\"https:\/\/www.pro4green.be\/fr\/que-doit-faire-davantage-leurope-pour-reconnaitre-le-vert-comme-une-infrastructure-strategique\/\",\"name\":\"Que doit faire davantage l\u2019Europe pour reconna\u00eetre le vert comme une infrastructure strat\u00e9gique - Pro4Green\",\"isPartOf\":{\"@id\":\"https:\/\/www.pro4green.be\/fr\/#website\"},\"primaryImageOfPage\":{\"@id\":\"https:\/\/www.pro4green.be\/fr\/que-doit-faire-davantage-leurope-pour-reconnaitre-le-vert-comme-une-infrastructure-strategique\/#primaryimage\"},\"image\":{\"@id\":\"https:\/\/www.pro4green.be\/fr\/que-doit-faire-davantage-leurope-pour-reconnaitre-le-vert-comme-une-infrastructure-strategique\/#primaryimage\"},\"thumbnailUrl\":\"https:\/\/www.pro4green.be\/wp-content\/uploads\/2026\/03\/AP1GczNKXfv6oAJEy6Km4jZZncyji3A2xnNyRZh1PmpLIKisob-AeMfv4XMXJ_XW2Hn6fsFg-dY3oUoFXP5s_H2Wyelg9yt23pBmDI3cruXHS25Q1RkkNuxRs0Ko6MZZdYeyZhR7p9gAJ6GGMy1LmCHLC-uiw1351-h901-s-no-gm.avif\",\"datePublished\":\"2026-03-01T23:00:00+00:00\",\"breadcrumb\":{\"@id\":\"https:\/\/www.pro4green.be\/fr\/que-doit-faire-davantage-leurope-pour-reconnaitre-le-vert-comme-une-infrastructure-strategique\/#breadcrumb\"},\"inLanguage\":\"fr-FR\",\"potentialAction\":[{\"@type\":\"ReadAction\",\"target\":[\"https:\/\/www.pro4green.be\/fr\/que-doit-faire-davantage-leurope-pour-reconnaitre-le-vert-comme-une-infrastructure-strategique\/\"]}]},{\"@type\":\"ImageObject\",\"inLanguage\":\"fr-FR\",\"@id\":\"https:\/\/www.pro4green.be\/fr\/que-doit-faire-davantage-leurope-pour-reconnaitre-le-vert-comme-une-infrastructure-strategique\/#primaryimage\",\"url\":\"https:\/\/www.pro4green.be\/wp-content\/uploads\/2026\/03\/AP1GczNKXfv6oAJEy6Km4jZZncyji3A2xnNyRZh1PmpLIKisob-AeMfv4XMXJ_XW2Hn6fsFg-dY3oUoFXP5s_H2Wyelg9yt23pBmDI3cruXHS25Q1RkkNuxRs0Ko6MZZdYeyZhR7p9gAJ6GGMy1LmCHLC-uiw1351-h901-s-no-gm.avif\",\"contentUrl\":\"https:\/\/www.pro4green.be\/wp-content\/uploads\/2026\/03\/AP1GczNKXfv6oAJEy6Km4jZZncyji3A2xnNyRZh1PmpLIKisob-AeMfv4XMXJ_XW2Hn6fsFg-dY3oUoFXP5s_H2Wyelg9yt23pBmDI3cruXHS25Q1RkkNuxRs0Ko6MZZdYeyZhR7p9gAJ6GGMy1LmCHLC-uiw1351-h901-s-no-gm.avif\",\"width\":1351,\"height\":901},{\"@type\":\"BreadcrumbList\",\"@id\":\"https:\/\/www.pro4green.be\/fr\/que-doit-faire-davantage-leurope-pour-reconnaitre-le-vert-comme-une-infrastructure-strategique\/#breadcrumb\",\"itemListElement\":[{\"@type\":\"ListItem\",\"position\":1,\"name\":\"Home\",\"item\":\"https:\/\/www.pro4green.be\/fr\/\"},{\"@type\":\"ListItem\",\"position\":2,\"name\":\"Que doit faire davantage l\u2019Europe pour reconna\u00eetre le vert comme une infrastructure strat\u00e9gique\"}]},{\"@type\":\"WebSite\",\"@id\":\"https:\/\/www.pro4green.be\/fr\/#website\",\"url\":\"https:\/\/www.pro4green.be\/fr\/\",\"name\":\"Pro4Green\",\"description\":\"Waar professionaliteit en kwaliteit elkaar vinden\",\"publisher\":{\"@id\":\"https:\/\/www.pro4green.be\/fr\/#organization\"},\"potentialAction\":[{\"@type\":\"SearchAction\",\"target\":{\"@type\":\"EntryPoint\",\"urlTemplate\":\"https:\/\/www.pro4green.be\/fr\/?s={search_term_string}\"},\"query-input\":{\"@type\":\"PropertyValueSpecification\",\"valueRequired\":true,\"valueName\":\"search_term_string\"}}],\"inLanguage\":\"fr-FR\"},{\"@type\":\"Organization\",\"@id\":\"https:\/\/www.pro4green.be\/fr\/#organization\",\"name\":\"Pro4Green\",\"url\":\"https:\/\/www.pro4green.be\/fr\/\",\"logo\":{\"@type\":\"ImageObject\",\"inLanguage\":\"fr-FR\",\"@id\":\"https:\/\/www.pro4green.be\/fr\/#\/schema\/logo\/image\/\",\"url\":\"https:\/\/www.pro4green.be\/wp-content\/uploads\/2024\/07\/PRO4GREEN-logo-pos.svg\",\"contentUrl\":\"https:\/\/www.pro4green.be\/wp-content\/uploads\/2024\/07\/PRO4GREEN-logo-pos.svg\",\"width\":500,\"height\":225,\"caption\":\"Pro4Green\"},\"image\":{\"@id\":\"https:\/\/www.pro4green.be\/fr\/#\/schema\/logo\/image\/\"}},{\"@type\":\"Person\",\"@id\":\"https:\/\/www.pro4green.be\/fr\/#\/schema\/person\/88b2095ddffff65211d5e8a118dd6e58\",\"name\":\"Pro4Green-Admin\",\"image\":{\"@type\":\"ImageObject\",\"inLanguage\":\"fr-FR\",\"@id\":\"https:\/\/www.pro4green.be\/fr\/#\/schema\/person\/image\/\",\"url\":\"https:\/\/secure.gravatar.com\/avatar\/7e8a29d0a461aec788e922b050fcb32f2e3c905d6fc208528cc9c31f44ab6aca?s=96&d=mm&r=g\",\"contentUrl\":\"https:\/\/secure.gravatar.com\/avatar\/7e8a29d0a461aec788e922b050fcb32f2e3c905d6fc208528cc9c31f44ab6aca?s=96&d=mm&r=g\",\"caption\":\"Pro4Green-Admin\"}}]}<\/script>\n<!-- \/ Yoast SEO plugin. -->","yoast_head_json":{"title":"Que doit faire davantage l\u2019Europe pour reconna\u00eetre le vert comme une infrastructure strat\u00e9gique - Pro4Green","robots":{"index":"index","follow":"follow","max-snippet":"max-snippet:-1","max-image-preview":"max-image-preview:large","max-video-preview":"max-video-preview:-1"},"canonical":"https:\/\/www.pro4green.be\/fr\/que-doit-faire-davantage-leurope-pour-reconnaitre-le-vert-comme-une-infrastructure-strategique\/","og_locale":"fr_FR","og_type":"article","og_title":"Que doit faire davantage l\u2019Europe pour reconna\u00eetre le vert comme une infrastructure strat\u00e9gique - Pro4Green","og_description":"Face \u00e0 l\u2019\u00e9volution des attentes envers notre secteur, je constate l\u2019ampleur des ambitions...","og_url":"https:\/\/www.pro4green.be\/fr\/que-doit-faire-davantage-leurope-pour-reconnaitre-le-vert-comme-une-infrastructure-strategique\/","og_site_name":"Pro4Green","article_published_time":"2026-03-01T23:00:00+00:00","og_image":[{"width":1351,"height":901,"url":"https:\/\/www.pro4green.be\/wp-content\/uploads\/2026\/03\/AP1GczNKXfv6oAJEy6Km4jZZncyji3A2xnNyRZh1PmpLIKisob-AeMfv4XMXJ_XW2Hn6fsFg-dY3oUoFXP5s_H2Wyelg9yt23pBmDI3cruXHS25Q1RkkNuxRs0Ko6MZZdYeyZhR7p9gAJ6GGMy1LmCHLC-uiw1351-h901-s-no-gm.avif","type":"image\/jpeg"}],"author":"Pro4Green-Admin","twitter_card":"summary_large_image","schema":{"@context":"https:\/\/schema.org","@graph":[{"@type":"Article","@id":"https:\/\/www.pro4green.be\/fr\/que-doit-faire-davantage-leurope-pour-reconnaitre-le-vert-comme-une-infrastructure-strategique\/#article","isPartOf":{"@id":"https:\/\/www.pro4green.be\/fr\/que-doit-faire-davantage-leurope-pour-reconnaitre-le-vert-comme-une-infrastructure-strategique\/"},"author":{"name":"Pro4Green-Admin","@id":"https:\/\/www.pro4green.be\/fr\/#\/schema\/person\/88b2095ddffff65211d5e8a118dd6e58"},"headline":"Que doit faire davantage l\u2019Europe pour reconna\u00eetre le vert comme une infrastructure strat\u00e9gique","datePublished":"2026-03-01T23:00:00+00:00","mainEntityOfPage":{"@id":"https:\/\/www.pro4green.be\/fr\/que-doit-faire-davantage-leurope-pour-reconnaitre-le-vert-comme-une-infrastructure-strategique\/"},"wordCount":309,"publisher":{"@id":"https:\/\/www.pro4green.be\/fr\/#organization"},"image":{"@id":"https:\/\/www.pro4green.be\/fr\/que-doit-faire-davantage-leurope-pour-reconnaitre-le-vert-comme-une-infrastructure-strategique\/#primaryimage"},"thumbnailUrl":"https:\/\/www.pro4green.be\/wp-content\/uploads\/2026\/03\/AP1GczNKXfv6oAJEy6Km4jZZncyji3A2xnNyRZh1PmpLIKisob-AeMfv4XMXJ_XW2Hn6fsFg-dY3oUoFXP5s_H2Wyelg9yt23pBmDI3cruXHS25Q1RkkNuxRs0Ko6MZZdYeyZhR7p9gAJ6GGMy1LmCHLC-uiw1351-h901-s-no-gm.avif","articleSection":["Actualit\u00e9s"],"inLanguage":"fr-FR"},{"@type":"WebPage","@id":"https:\/\/www.pro4green.be\/fr\/que-doit-faire-davantage-leurope-pour-reconnaitre-le-vert-comme-une-infrastructure-strategique\/","url":"https:\/\/www.pro4green.be\/fr\/que-doit-faire-davantage-leurope-pour-reconnaitre-le-vert-comme-une-infrastructure-strategique\/","name":"Que doit faire davantage l\u2019Europe pour reconna\u00eetre le vert comme une infrastructure strat\u00e9gique - Pro4Green","isPartOf":{"@id":"https:\/\/www.pro4green.be\/fr\/#website"},"primaryImageOfPage":{"@id":"https:\/\/www.pro4green.be\/fr\/que-doit-faire-davantage-leurope-pour-reconnaitre-le-vert-comme-une-infrastructure-strategique\/#primaryimage"},"image":{"@id":"https:\/\/www.pro4green.be\/fr\/que-doit-faire-davantage-leurope-pour-reconnaitre-le-vert-comme-une-infrastructure-strategique\/#primaryimage"},"thumbnailUrl":"https:\/\/www.pro4green.be\/wp-content\/uploads\/2026\/03\/AP1GczNKXfv6oAJEy6Km4jZZncyji3A2xnNyRZh1PmpLIKisob-AeMfv4XMXJ_XW2Hn6fsFg-dY3oUoFXP5s_H2Wyelg9yt23pBmDI3cruXHS25Q1RkkNuxRs0Ko6MZZdYeyZhR7p9gAJ6GGMy1LmCHLC-uiw1351-h901-s-no-gm.avif","datePublished":"2026-03-01T23:00:00+00:00","breadcrumb":{"@id":"https:\/\/www.pro4green.be\/fr\/que-doit-faire-davantage-leurope-pour-reconnaitre-le-vert-comme-une-infrastructure-strategique\/#breadcrumb"},"inLanguage":"fr-FR","potentialAction":[{"@type":"ReadAction","target":["https:\/\/www.pro4green.be\/fr\/que-doit-faire-davantage-leurope-pour-reconnaitre-le-vert-comme-une-infrastructure-strategique\/"]}]},{"@type":"ImageObject","inLanguage":"fr-FR","@id":"https:\/\/www.pro4green.be\/fr\/que-doit-faire-davantage-leurope-pour-reconnaitre-le-vert-comme-une-infrastructure-strategique\/#primaryimage","url":"https:\/\/www.pro4green.be\/wp-content\/uploads\/2026\/03\/AP1GczNKXfv6oAJEy6Km4jZZncyji3A2xnNyRZh1PmpLIKisob-AeMfv4XMXJ_XW2Hn6fsFg-dY3oUoFXP5s_H2Wyelg9yt23pBmDI3cruXHS25Q1RkkNuxRs0Ko6MZZdYeyZhR7p9gAJ6GGMy1LmCHLC-uiw1351-h901-s-no-gm.avif","contentUrl":"https:\/\/www.pro4green.be\/wp-content\/uploads\/2026\/03\/AP1GczNKXfv6oAJEy6Km4jZZncyji3A2xnNyRZh1PmpLIKisob-AeMfv4XMXJ_XW2Hn6fsFg-dY3oUoFXP5s_H2Wyelg9yt23pBmDI3cruXHS25Q1RkkNuxRs0Ko6MZZdYeyZhR7p9gAJ6GGMy1LmCHLC-uiw1351-h901-s-no-gm.avif","width":1351,"height":901},{"@type":"BreadcrumbList","@id":"https:\/\/www.pro4green.be\/fr\/que-doit-faire-davantage-leurope-pour-reconnaitre-le-vert-comme-une-infrastructure-strategique\/#breadcrumb","itemListElement":[{"@type":"ListItem","position":1,"name":"Home","item":"https:\/\/www.pro4green.be\/fr\/"},{"@type":"ListItem","position":2,"name":"Que doit faire davantage l\u2019Europe pour reconna\u00eetre le vert comme une infrastructure strat\u00e9gique"}]},{"@type":"WebSite","@id":"https:\/\/www.pro4green.be\/fr\/#website","url":"https:\/\/www.pro4green.be\/fr\/","name":"Pro4Green","description":"Waar professionaliteit en kwaliteit elkaar vinden","publisher":{"@id":"https:\/\/www.pro4green.be\/fr\/#organization"},"potentialAction":[{"@type":"SearchAction","target":{"@type":"EntryPoint","urlTemplate":"https:\/\/www.pro4green.be\/fr\/?s={search_term_string}"},"query-input":{"@type":"PropertyValueSpecification","valueRequired":true,"valueName":"search_term_string"}}],"inLanguage":"fr-FR"},{"@type":"Organization","@id":"https:\/\/www.pro4green.be\/fr\/#organization","name":"Pro4Green","url":"https:\/\/www.pro4green.be\/fr\/","logo":{"@type":"ImageObject","inLanguage":"fr-FR","@id":"https:\/\/www.pro4green.be\/fr\/#\/schema\/logo\/image\/","url":"https:\/\/www.pro4green.be\/wp-content\/uploads\/2024\/07\/PRO4GREEN-logo-pos.svg","contentUrl":"https:\/\/www.pro4green.be\/wp-content\/uploads\/2024\/07\/PRO4GREEN-logo-pos.svg","width":500,"height":225,"caption":"Pro4Green"},"image":{"@id":"https:\/\/www.pro4green.be\/fr\/#\/schema\/logo\/image\/"}},{"@type":"Person","@id":"https:\/\/www.pro4green.be\/fr\/#\/schema\/person\/88b2095ddffff65211d5e8a118dd6e58","name":"Pro4Green-Admin","image":{"@type":"ImageObject","inLanguage":"fr-FR","@id":"https:\/\/www.pro4green.be\/fr\/#\/schema\/person\/image\/","url":"https:\/\/secure.gravatar.com\/avatar\/7e8a29d0a461aec788e922b050fcb32f2e3c905d6fc208528cc9c31f44ab6aca?s=96&d=mm&r=g","contentUrl":"https:\/\/secure.gravatar.com\/avatar\/7e8a29d0a461aec788e922b050fcb32f2e3c905d6fc208528cc9c31f44ab6aca?s=96&d=mm&r=g","caption":"Pro4Green-Admin"}}]}},"_links":{"self":[{"href":"https:\/\/www.pro4green.be\/fr\/wp-json\/wp\/v2\/posts\/30270","targetHints":{"allow":["GET"]}}],"collection":[{"href":"https:\/\/www.pro4green.be\/fr\/wp-json\/wp\/v2\/posts"}],"about":[{"href":"https:\/\/www.pro4green.be\/fr\/wp-json\/wp\/v2\/types\/post"}],"author":[{"embeddable":true,"href":"https:\/\/www.pro4green.be\/fr\/wp-json\/wp\/v2\/users\/26"}],"replies":[{"embeddable":true,"href":"https:\/\/www.pro4green.be\/fr\/wp-json\/wp\/v2\/comments?post=30270"}],"version-history":[{"count":0,"href":"https:\/\/www.pro4green.be\/fr\/wp-json\/wp\/v2\/posts\/30270\/revisions"}],"wp:featuredmedia":[{"embeddable":true,"href":"https:\/\/www.pro4green.be\/fr\/wp-json\/wp\/v2\/media\/30271"}],"wp:attachment":[{"href":"https:\/\/www.pro4green.be\/fr\/wp-json\/wp\/v2\/media?parent=30270"}],"wp:term":[{"taxonomy":"category","embeddable":true,"href":"https:\/\/www.pro4green.be\/fr\/wp-json\/wp\/v2\/categories?post=30270"},{"taxonomy":"post_tag","embeddable":true,"href":"https:\/\/www.pro4green.be\/fr\/wp-json\/wp\/v2\/tags?post=30270"},{"taxonomy":"association","embeddable":true,"href":"https:\/\/www.pro4green.be\/fr\/wp-json\/wp\/v2\/association?post=30270"}],"curies":[{"name":"wp","href":"https:\/\/api.w.org\/{rel}","templated":true}]}}