{"id":30343,"date":"2026-03-10T00:00:00","date_gmt":"2026-03-09T23:00:00","guid":{"rendered":"https:\/\/www.pro4green.be\/le-wonderwoud-a-gand-en-lice-pour-le-prix-espace-public\/"},"modified":"2026-03-10T00:00:00","modified_gmt":"2026-03-09T23:00:00","slug":"le-wonderwoud-a-gand-en-lice-pour-le-prix-espace-public","status":"publish","type":"post","link":"https:\/\/www.pro4green.be\/fr\/le-wonderwoud-a-gand-en-lice-pour-le-prix-espace-public\/","title":{"rendered":"Le Wonderwoud \u00e0 Gand en lice pour le \u00ab Prix Espace Public"},"content":{"rendered":"<p>Le Wonderwoud \u00e0 Gand, une nouvelle zone verte situ\u00e9e \u00e0 Oostakker et s\u2019\u00e9tendant jusqu\u2019\u00e0 Lochristi, est nomm\u00e9 pour le Prix Espace Public 2026. Dans la cat\u00e9gorie des projets urbains, il est en concurrence avec le Moermanpark \u00e0 Roulers et le Materialenkaai \u00e0 Bruxelles. Gand a d\u00e9j\u00e0 remport\u00e9 ce prix avec le parc De Porre en 2017 et le r\u00e9am\u00e9nagement des Oude Dokken en 2022.<\/p>\n<p>Le Wonderwoud combine d\u00e9veloppement de la nature, gestion de l\u2019eau et loisirs. Le site comprend des collines de sable, une jeune for\u00eat et plusieurs plans d\u2019eau. Une tour d\u2019observation de 25 m\u00e8tres constitue un \u00e9l\u00e9ment marquant du paysage. La zone offre aussi un habitat pour plusieurs esp\u00e8ces animales, comme les hirondelles de rivage, les martins-p\u00eacheurs, les renards et les chevreuils.  Dans certaines zones, des moutons sont utilis\u00e9s pour le p\u00e2turage. Pour les visiteurs, des pontons au bord de l\u2019eau et une zone de jeux aquatiques sont notamment pr\u00e9vus.<\/p>\n<p>Le site poss\u00e8de \u00e9galement une histoire particuli\u00e8re. Dans les ann\u00e9es soixante, un a\u00e9roport y \u00e9tait envisag\u00e9 mais n\u2019a jamais \u00e9t\u00e9 construit. Par la suite, l\u2019extraction de sable a cr\u00e9\u00e9 des diff\u00e9rences de hauteur et des \u00e9tangs qui forment aujourd\u2019hui la base du paysage. Une premi\u00e8re partie de la for\u00eat a ouvert en 2024 et d\u2019ici 2035 la zone devrait atteindre environ 200 hectares.<\/p>\n<p>Le Wonderwoud est d\u00e9velopp\u00e9 progressivement selon un mod\u00e8le de croissance o\u00f9 la nature joue un r\u00f4le central. Le projet met fortement l\u2019accent sur la biodiversit\u00e9, l\u2019adaptation au climat et la mobilit\u00e9 douce. Gr\u00e2ce \u00e0 la participation des habitants, des \u00e9coles et des organisations, un large soutien local s\u2019est \u00e9galement cr\u00e9\u00e9 autour du projet.<\/p>\n<p>\u00a9 Yves Heirman<br \/><a href=\"https:\/\/www.bfg-fbep.be\/fiche\/?fiche=10203&#038;nr=3fa724a0996b19d3ff775f2d69b4d4f3\" target=\"_blank\">Dur\u00e9e de lecture<\/a>\u00a0<i class=\"far fa-clock\"><\/i> 5&#8243;<\/p>\n","protected":false},"excerpt":{"rendered":"<p>Le Wonderwoud \u00e0 Gand, une nouvelle zone verte situ\u00e9e \u00e0 Oostakker et s\u2019\u00e9tendant jusqu\u2019\u00e0&#8230;<\/p>\n","protected":false},"author":26,"featured_media":30344,"comment_status":"closed","ping_status":"closed","sticky":false,"template":"","format":"standard","meta":{"_acf_changed":false,"inline_featured_image":false,"footnotes":""},"categories":[265],"tags":[],"association":[277],"class_list":["post-30343","post","type-post","status-publish","format-standard","has-post-thumbnail","hentry","category-actualites","association-pro4green-fr"],"acf":[],"yoast_head":"<!-- This site is optimized with the Yoast SEO plugin v27.1.1 - https:\/\/yoast.com\/product\/yoast-seo-wordpress\/ -->\n<title>Le Wonderwoud \u00e0 Gand en lice pour le \u00ab Prix Espace Public - Pro4Green<\/title>\n<meta name=\"robots\" content=\"index, follow, max-snippet:-1, max-image-preview:large, max-video-preview:-1\" \/>\n<link rel=\"canonical\" href=\"https:\/\/www.pro4green.be\/fr\/le-wonderwoud-a-gand-en-lice-pour-le-prix-espace-public\/\" \/>\n<meta property=\"og:locale\" content=\"fr_FR\" \/>\n<meta property=\"og:type\" content=\"article\" \/>\n<meta property=\"og:title\" content=\"Le Wonderwoud \u00e0 Gand en lice pour le \u00ab Prix Espace Public - Pro4Green\" \/>\n<meta property=\"og:description\" content=\"Le Wonderwoud \u00e0 Gand, une nouvelle zone verte situ\u00e9e \u00e0 Oostakker et s\u2019\u00e9tendant jusqu\u2019\u00e0...\" \/>\n<meta property=\"og:url\" content=\"https:\/\/www.pro4green.be\/fr\/le-wonderwoud-a-gand-en-lice-pour-le-prix-espace-public\/\" \/>\n<meta property=\"og:site_name\" content=\"Pro4Green\" \/>\n<meta property=\"article:published_time\" content=\"2026-03-09T23:00:00+00:00\" \/>\n<meta property=\"og:image\" content=\"https:\/\/www.pro4green.be\/wp-content\/uploads\/2026\/03\/AP1GczO0maA1Op9lcQtF0OqZ0HddK8C7TU5SHd4tt0BKO3DaFJx-DZEYyQOj7fI44_QFbDrpBEQYWaJfgL0rKuIBmp8HN5GZNKSFgvDdAaRww5jvjB-Zt3sWJqHiyKvVwZFp02kajVGvcpYvN47mbsirOHUjw1539-h987-s-no-gm.avif\" \/>\n\t<meta property=\"og:image:width\" content=\"1539\" \/>\n\t<meta property=\"og:image:height\" content=\"987\" \/>\n\t<meta property=\"og:image:type\" content=\"image\/jpeg\" \/>\n<meta name=\"author\" content=\"Pro4Green-Admin\" \/>\n<meta name=\"twitter:card\" content=\"summary_large_image\" \/>\n<script type=\"application\/ld+json\" class=\"yoast-schema-graph\">{\"@context\":\"https:\/\/schema.org\",\"@graph\":[{\"@type\":\"Article\",\"@id\":\"https:\/\/www.pro4green.be\/fr\/le-wonderwoud-a-gand-en-lice-pour-le-prix-espace-public\/#article\",\"isPartOf\":{\"@id\":\"https:\/\/www.pro4green.be\/fr\/le-wonderwoud-a-gand-en-lice-pour-le-prix-espace-public\/\"},\"author\":{\"name\":\"Pro4Green-Admin\",\"@id\":\"https:\/\/www.pro4green.be\/fr\/#\/schema\/person\/88b2095ddffff65211d5e8a118dd6e58\"},\"headline\":\"Le Wonderwoud \u00e0 Gand en lice pour le \u00ab Prix Espace Public\",\"datePublished\":\"2026-03-09T23:00:00+00:00\",\"mainEntityOfPage\":{\"@id\":\"https:\/\/www.pro4green.be\/fr\/le-wonderwoud-a-gand-en-lice-pour-le-prix-espace-public\/\"},\"wordCount\":309,\"publisher\":{\"@id\":\"https:\/\/www.pro4green.be\/fr\/#organization\"},\"image\":{\"@id\":\"https:\/\/www.pro4green.be\/fr\/le-wonderwoud-a-gand-en-lice-pour-le-prix-espace-public\/#primaryimage\"},\"thumbnailUrl\":\"https:\/\/www.pro4green.be\/wp-content\/uploads\/2026\/03\/AP1GczO0maA1Op9lcQtF0OqZ0HddK8C7TU5SHd4tt0BKO3DaFJx-DZEYyQOj7fI44_QFbDrpBEQYWaJfgL0rKuIBmp8HN5GZNKSFgvDdAaRww5jvjB-Zt3sWJqHiyKvVwZFp02kajVGvcpYvN47mbsirOHUjw1539-h987-s-no-gm.avif\",\"articleSection\":[\"Actualit\u00e9s\"],\"inLanguage\":\"fr-FR\"},{\"@type\":\"WebPage\",\"@id\":\"https:\/\/www.pro4green.be\/fr\/le-wonderwoud-a-gand-en-lice-pour-le-prix-espace-public\/\",\"url\":\"https:\/\/www.pro4green.be\/fr\/le-wonderwoud-a-gand-en-lice-pour-le-prix-espace-public\/\",\"name\":\"Le Wonderwoud \u00e0 Gand en lice pour le \u00ab Prix Espace Public - Pro4Green\",\"isPartOf\":{\"@id\":\"https:\/\/www.pro4green.be\/fr\/#website\"},\"primaryImageOfPage\":{\"@id\":\"https:\/\/www.pro4green.be\/fr\/le-wonderwoud-a-gand-en-lice-pour-le-prix-espace-public\/#primaryimage\"},\"image\":{\"@id\":\"https:\/\/www.pro4green.be\/fr\/le-wonderwoud-a-gand-en-lice-pour-le-prix-espace-public\/#primaryimage\"},\"thumbnailUrl\":\"https:\/\/www.pro4green.be\/wp-content\/uploads\/2026\/03\/AP1GczO0maA1Op9lcQtF0OqZ0HddK8C7TU5SHd4tt0BKO3DaFJx-DZEYyQOj7fI44_QFbDrpBEQYWaJfgL0rKuIBmp8HN5GZNKSFgvDdAaRww5jvjB-Zt3sWJqHiyKvVwZFp02kajVGvcpYvN47mbsirOHUjw1539-h987-s-no-gm.avif\",\"datePublished\":\"2026-03-09T23:00:00+00:00\",\"breadcrumb\":{\"@id\":\"https:\/\/www.pro4green.be\/fr\/le-wonderwoud-a-gand-en-lice-pour-le-prix-espace-public\/#breadcrumb\"},\"inLanguage\":\"fr-FR\",\"potentialAction\":[{\"@type\":\"ReadAction\",\"target\":[\"https:\/\/www.pro4green.be\/fr\/le-wonderwoud-a-gand-en-lice-pour-le-prix-espace-public\/\"]}]},{\"@type\":\"ImageObject\",\"inLanguage\":\"fr-FR\",\"@id\":\"https:\/\/www.pro4green.be\/fr\/le-wonderwoud-a-gand-en-lice-pour-le-prix-espace-public\/#primaryimage\",\"url\":\"https:\/\/www.pro4green.be\/wp-content\/uploads\/2026\/03\/AP1GczO0maA1Op9lcQtF0OqZ0HddK8C7TU5SHd4tt0BKO3DaFJx-DZEYyQOj7fI44_QFbDrpBEQYWaJfgL0rKuIBmp8HN5GZNKSFgvDdAaRww5jvjB-Zt3sWJqHiyKvVwZFp02kajVGvcpYvN47mbsirOHUjw1539-h987-s-no-gm.avif\",\"contentUrl\":\"https:\/\/www.pro4green.be\/wp-content\/uploads\/2026\/03\/AP1GczO0maA1Op9lcQtF0OqZ0HddK8C7TU5SHd4tt0BKO3DaFJx-DZEYyQOj7fI44_QFbDrpBEQYWaJfgL0rKuIBmp8HN5GZNKSFgvDdAaRww5jvjB-Zt3sWJqHiyKvVwZFp02kajVGvcpYvN47mbsirOHUjw1539-h987-s-no-gm.avif\",\"width\":1539,\"height\":987},{\"@type\":\"BreadcrumbList\",\"@id\":\"https:\/\/www.pro4green.be\/fr\/le-wonderwoud-a-gand-en-lice-pour-le-prix-espace-public\/#breadcrumb\",\"itemListElement\":[{\"@type\":\"ListItem\",\"position\":1,\"name\":\"Home\",\"item\":\"https:\/\/www.pro4green.be\/fr\/\"},{\"@type\":\"ListItem\",\"position\":2,\"name\":\"Le Wonderwoud \u00e0 Gand en lice pour le \u00ab Prix Espace Public\"}]},{\"@type\":\"WebSite\",\"@id\":\"https:\/\/www.pro4green.be\/fr\/#website\",\"url\":\"https:\/\/www.pro4green.be\/fr\/\",\"name\":\"Pro4Green\",\"description\":\"Waar professionaliteit en kwaliteit elkaar vinden\",\"publisher\":{\"@id\":\"https:\/\/www.pro4green.be\/fr\/#organization\"},\"potentialAction\":[{\"@type\":\"SearchAction\",\"target\":{\"@type\":\"EntryPoint\",\"urlTemplate\":\"https:\/\/www.pro4green.be\/fr\/?s={search_term_string}\"},\"query-input\":{\"@type\":\"PropertyValueSpecification\",\"valueRequired\":true,\"valueName\":\"search_term_string\"}}],\"inLanguage\":\"fr-FR\"},{\"@type\":\"Organization\",\"@id\":\"https:\/\/www.pro4green.be\/fr\/#organization\",\"name\":\"Pro4Green\",\"url\":\"https:\/\/www.pro4green.be\/fr\/\",\"logo\":{\"@type\":\"ImageObject\",\"inLanguage\":\"fr-FR\",\"@id\":\"https:\/\/www.pro4green.be\/fr\/#\/schema\/logo\/image\/\",\"url\":\"https:\/\/www.pro4green.be\/wp-content\/uploads\/2024\/07\/PRO4GREEN-logo-pos.svg\",\"contentUrl\":\"https:\/\/www.pro4green.be\/wp-content\/uploads\/2024\/07\/PRO4GREEN-logo-pos.svg\",\"width\":500,\"height\":225,\"caption\":\"Pro4Green\"},\"image\":{\"@id\":\"https:\/\/www.pro4green.be\/fr\/#\/schema\/logo\/image\/\"}},{\"@type\":\"Person\",\"@id\":\"https:\/\/www.pro4green.be\/fr\/#\/schema\/person\/88b2095ddffff65211d5e8a118dd6e58\",\"name\":\"Pro4Green-Admin\",\"image\":{\"@type\":\"ImageObject\",\"inLanguage\":\"fr-FR\",\"@id\":\"https:\/\/www.pro4green.be\/fr\/#\/schema\/person\/image\/\",\"url\":\"https:\/\/secure.gravatar.com\/avatar\/7e8a29d0a461aec788e922b050fcb32f2e3c905d6fc208528cc9c31f44ab6aca?s=96&d=mm&r=g\",\"contentUrl\":\"https:\/\/secure.gravatar.com\/avatar\/7e8a29d0a461aec788e922b050fcb32f2e3c905d6fc208528cc9c31f44ab6aca?s=96&d=mm&r=g\",\"caption\":\"Pro4Green-Admin\"}}]}<\/script>\n<!-- \/ Yoast SEO plugin. -->","yoast_head_json":{"title":"Le Wonderwoud \u00e0 Gand en lice pour le \u00ab Prix Espace Public - Pro4Green","robots":{"index":"index","follow":"follow","max-snippet":"max-snippet:-1","max-image-preview":"max-image-preview:large","max-video-preview":"max-video-preview:-1"},"canonical":"https:\/\/www.pro4green.be\/fr\/le-wonderwoud-a-gand-en-lice-pour-le-prix-espace-public\/","og_locale":"fr_FR","og_type":"article","og_title":"Le Wonderwoud \u00e0 Gand en lice pour le \u00ab Prix Espace Public - Pro4Green","og_description":"Le Wonderwoud \u00e0 Gand, une nouvelle zone verte situ\u00e9e \u00e0 Oostakker et s\u2019\u00e9tendant jusqu\u2019\u00e0...","og_url":"https:\/\/www.pro4green.be\/fr\/le-wonderwoud-a-gand-en-lice-pour-le-prix-espace-public\/","og_site_name":"Pro4Green","article_published_time":"2026-03-09T23:00:00+00:00","og_image":[{"width":1539,"height":987,"url":"https:\/\/www.pro4green.be\/wp-content\/uploads\/2026\/03\/AP1GczO0maA1Op9lcQtF0OqZ0HddK8C7TU5SHd4tt0BKO3DaFJx-DZEYyQOj7fI44_QFbDrpBEQYWaJfgL0rKuIBmp8HN5GZNKSFgvDdAaRww5jvjB-Zt3sWJqHiyKvVwZFp02kajVGvcpYvN47mbsirOHUjw1539-h987-s-no-gm.avif","type":"image\/jpeg"}],"author":"Pro4Green-Admin","twitter_card":"summary_large_image","schema":{"@context":"https:\/\/schema.org","@graph":[{"@type":"Article","@id":"https:\/\/www.pro4green.be\/fr\/le-wonderwoud-a-gand-en-lice-pour-le-prix-espace-public\/#article","isPartOf":{"@id":"https:\/\/www.pro4green.be\/fr\/le-wonderwoud-a-gand-en-lice-pour-le-prix-espace-public\/"},"author":{"name":"Pro4Green-Admin","@id":"https:\/\/www.pro4green.be\/fr\/#\/schema\/person\/88b2095ddffff65211d5e8a118dd6e58"},"headline":"Le Wonderwoud \u00e0 Gand en lice pour le \u00ab Prix Espace Public","datePublished":"2026-03-09T23:00:00+00:00","mainEntityOfPage":{"@id":"https:\/\/www.pro4green.be\/fr\/le-wonderwoud-a-gand-en-lice-pour-le-prix-espace-public\/"},"wordCount":309,"publisher":{"@id":"https:\/\/www.pro4green.be\/fr\/#organization"},"image":{"@id":"https:\/\/www.pro4green.be\/fr\/le-wonderwoud-a-gand-en-lice-pour-le-prix-espace-public\/#primaryimage"},"thumbnailUrl":"https:\/\/www.pro4green.be\/wp-content\/uploads\/2026\/03\/AP1GczO0maA1Op9lcQtF0OqZ0HddK8C7TU5SHd4tt0BKO3DaFJx-DZEYyQOj7fI44_QFbDrpBEQYWaJfgL0rKuIBmp8HN5GZNKSFgvDdAaRww5jvjB-Zt3sWJqHiyKvVwZFp02kajVGvcpYvN47mbsirOHUjw1539-h987-s-no-gm.avif","articleSection":["Actualit\u00e9s"],"inLanguage":"fr-FR"},{"@type":"WebPage","@id":"https:\/\/www.pro4green.be\/fr\/le-wonderwoud-a-gand-en-lice-pour-le-prix-espace-public\/","url":"https:\/\/www.pro4green.be\/fr\/le-wonderwoud-a-gand-en-lice-pour-le-prix-espace-public\/","name":"Le Wonderwoud \u00e0 Gand en lice pour le \u00ab Prix Espace Public - Pro4Green","isPartOf":{"@id":"https:\/\/www.pro4green.be\/fr\/#website"},"primaryImageOfPage":{"@id":"https:\/\/www.pro4green.be\/fr\/le-wonderwoud-a-gand-en-lice-pour-le-prix-espace-public\/#primaryimage"},"image":{"@id":"https:\/\/www.pro4green.be\/fr\/le-wonderwoud-a-gand-en-lice-pour-le-prix-espace-public\/#primaryimage"},"thumbnailUrl":"https:\/\/www.pro4green.be\/wp-content\/uploads\/2026\/03\/AP1GczO0maA1Op9lcQtF0OqZ0HddK8C7TU5SHd4tt0BKO3DaFJx-DZEYyQOj7fI44_QFbDrpBEQYWaJfgL0rKuIBmp8HN5GZNKSFgvDdAaRww5jvjB-Zt3sWJqHiyKvVwZFp02kajVGvcpYvN47mbsirOHUjw1539-h987-s-no-gm.avif","datePublished":"2026-03-09T23:00:00+00:00","breadcrumb":{"@id":"https:\/\/www.pro4green.be\/fr\/le-wonderwoud-a-gand-en-lice-pour-le-prix-espace-public\/#breadcrumb"},"inLanguage":"fr-FR","potentialAction":[{"@type":"ReadAction","target":["https:\/\/www.pro4green.be\/fr\/le-wonderwoud-a-gand-en-lice-pour-le-prix-espace-public\/"]}]},{"@type":"ImageObject","inLanguage":"fr-FR","@id":"https:\/\/www.pro4green.be\/fr\/le-wonderwoud-a-gand-en-lice-pour-le-prix-espace-public\/#primaryimage","url":"https:\/\/www.pro4green.be\/wp-content\/uploads\/2026\/03\/AP1GczO0maA1Op9lcQtF0OqZ0HddK8C7TU5SHd4tt0BKO3DaFJx-DZEYyQOj7fI44_QFbDrpBEQYWaJfgL0rKuIBmp8HN5GZNKSFgvDdAaRww5jvjB-Zt3sWJqHiyKvVwZFp02kajVGvcpYvN47mbsirOHUjw1539-h987-s-no-gm.avif","contentUrl":"https:\/\/www.pro4green.be\/wp-content\/uploads\/2026\/03\/AP1GczO0maA1Op9lcQtF0OqZ0HddK8C7TU5SHd4tt0BKO3DaFJx-DZEYyQOj7fI44_QFbDrpBEQYWaJfgL0rKuIBmp8HN5GZNKSFgvDdAaRww5jvjB-Zt3sWJqHiyKvVwZFp02kajVGvcpYvN47mbsirOHUjw1539-h987-s-no-gm.avif","width":1539,"height":987},{"@type":"BreadcrumbList","@id":"https:\/\/www.pro4green.be\/fr\/le-wonderwoud-a-gand-en-lice-pour-le-prix-espace-public\/#breadcrumb","itemListElement":[{"@type":"ListItem","position":1,"name":"Home","item":"https:\/\/www.pro4green.be\/fr\/"},{"@type":"ListItem","position":2,"name":"Le Wonderwoud \u00e0 Gand en lice pour le \u00ab Prix Espace Public"}]},{"@type":"WebSite","@id":"https:\/\/www.pro4green.be\/fr\/#website","url":"https:\/\/www.pro4green.be\/fr\/","name":"Pro4Green","description":"Waar professionaliteit en kwaliteit elkaar vinden","publisher":{"@id":"https:\/\/www.pro4green.be\/fr\/#organization"},"potentialAction":[{"@type":"SearchAction","target":{"@type":"EntryPoint","urlTemplate":"https:\/\/www.pro4green.be\/fr\/?s={search_term_string}"},"query-input":{"@type":"PropertyValueSpecification","valueRequired":true,"valueName":"search_term_string"}}],"inLanguage":"fr-FR"},{"@type":"Organization","@id":"https:\/\/www.pro4green.be\/fr\/#organization","name":"Pro4Green","url":"https:\/\/www.pro4green.be\/fr\/","logo":{"@type":"ImageObject","inLanguage":"fr-FR","@id":"https:\/\/www.pro4green.be\/fr\/#\/schema\/logo\/image\/","url":"https:\/\/www.pro4green.be\/wp-content\/uploads\/2024\/07\/PRO4GREEN-logo-pos.svg","contentUrl":"https:\/\/www.pro4green.be\/wp-content\/uploads\/2024\/07\/PRO4GREEN-logo-pos.svg","width":500,"height":225,"caption":"Pro4Green"},"image":{"@id":"https:\/\/www.pro4green.be\/fr\/#\/schema\/logo\/image\/"}},{"@type":"Person","@id":"https:\/\/www.pro4green.be\/fr\/#\/schema\/person\/88b2095ddffff65211d5e8a118dd6e58","name":"Pro4Green-Admin","image":{"@type":"ImageObject","inLanguage":"fr-FR","@id":"https:\/\/www.pro4green.be\/fr\/#\/schema\/person\/image\/","url":"https:\/\/secure.gravatar.com\/avatar\/7e8a29d0a461aec788e922b050fcb32f2e3c905d6fc208528cc9c31f44ab6aca?s=96&d=mm&r=g","contentUrl":"https:\/\/secure.gravatar.com\/avatar\/7e8a29d0a461aec788e922b050fcb32f2e3c905d6fc208528cc9c31f44ab6aca?s=96&d=mm&r=g","caption":"Pro4Green-Admin"}}]}},"_links":{"self":[{"href":"https:\/\/www.pro4green.be\/fr\/wp-json\/wp\/v2\/posts\/30343","targetHints":{"allow":["GET"]}}],"collection":[{"href":"https:\/\/www.pro4green.be\/fr\/wp-json\/wp\/v2\/posts"}],"about":[{"href":"https:\/\/www.pro4green.be\/fr\/wp-json\/wp\/v2\/types\/post"}],"author":[{"embeddable":true,"href":"https:\/\/www.pro4green.be\/fr\/wp-json\/wp\/v2\/users\/26"}],"replies":[{"embeddable":true,"href":"https:\/\/www.pro4green.be\/fr\/wp-json\/wp\/v2\/comments?post=30343"}],"version-history":[{"count":0,"href":"https:\/\/www.pro4green.be\/fr\/wp-json\/wp\/v2\/posts\/30343\/revisions"}],"wp:featuredmedia":[{"embeddable":true,"href":"https:\/\/www.pro4green.be\/fr\/wp-json\/wp\/v2\/media\/30344"}],"wp:attachment":[{"href":"https:\/\/www.pro4green.be\/fr\/wp-json\/wp\/v2\/media?parent=30343"}],"wp:term":[{"taxonomy":"category","embeddable":true,"href":"https:\/\/www.pro4green.be\/fr\/wp-json\/wp\/v2\/categories?post=30343"},{"taxonomy":"post_tag","embeddable":true,"href":"https:\/\/www.pro4green.be\/fr\/wp-json\/wp\/v2\/tags?post=30343"},{"taxonomy":"association","embeddable":true,"href":"https:\/\/www.pro4green.be\/fr\/wp-json\/wp\/v2\/association?post=30343"}],"curies":[{"name":"wp","href":"https:\/\/api.w.org\/{rel}","templated":true}]}}